{"id":27677,"date":"2026-09-04T19:20:19","date_gmt":"2026-09-04T23:20:19","guid":{"rendered":"https:\/\/mmcereais.com.br\/2026\/soja\/soja-veja-o-avanco-dos-embarques-brasileiros-ate-julho\/"},"modified":"2026-09-04T19:20:19","modified_gmt":"2026-09-04T23:20:19","slug":"soja-veja-o-avanco-dos-embarques-brasileiros-ate-julho","status":"publish","type":"post","link":"https:\/\/mmcereais.com.br\/en\/2026\/soja\/soja-veja-o-avanco-dos-embarques-brasileiros-ate-julho\/","title":{"rendered":"Soybeans: See the progress of Brazilian shipments through July."},"content":{"rendered":"<p><img decoding=\"async\" src=\"http:\/\/www.agrolink.com.br\/upload\/imagens-resizes\/595835091187433ca7185574dbaae880_858x483.jpg\" \/><\/p>\n<div class=\"section-description section-description-noticias mt-3\">\n<p style=\"text-align:justify\">As exporta\u00e7\u00f5es brasileiras de soja avan\u00e7aram at\u00e9 julho de 2026, enquanto o mercado internacional enfrenta press\u00e3o diante das expectativas de maior oferta nos Estados Unidos. Segundo dados divulgados pela Companhia Nacional de Abastecimento (Conab), o Brasil exportou 82,9 milh\u00f5es de toneladas de soja em gr\u00e3os no acumulado at\u00e9 julho, acima dos 77,2 milh\u00f5es de toneladas registrados no mesmo per\u00edodo do ano anterior.\n<\/p>\n<div id=\"agk_14000_pos_3_sidebar_mobile\" style=\"text-align: center;\" class=\"mb-4\">\n<\/div>\n<div id=\"agk_14000_pos_4_conteudo_desktop\" style=\"text-align: center;\" class=\"d-none d-lg-block mb-md-4\">\n<\/div>\n<p style=\"text-align:justify\">As condi\u00e7\u00f5es favor\u00e1veis ao desenvolvimento das lavouras norte-americanas elevaram as expectativas de oferta global e pressionaram os contratos futuros de soja na Bolsa de Chicago. No Brasil, por\u00e9m, a valoriza\u00e7\u00e3o dos pr\u00eamios de exporta\u00e7\u00e3o tem limitado o impacto das baixas externas sobre os pre\u00e7os dom\u00e9sticos.<\/p>\n<p style=\"text-align:justify\">Segundo dados divulgados pela Conab, as preocupa\u00e7\u00f5es com a produ\u00e7\u00e3o dos Estados Unidos tamb\u00e9m afastaram compradores que vinham realizando aquisi\u00e7\u00f5es de grandes volumes. O mercado f\u00edsico brasileiro ficou mais calmo, enquanto as compras chinesas passaram a ser direcionadas aos Estados Unidos.\n<\/p>\n<div id=\"agk_14000_pos_4_conteudo_mobile\" style=\"text-align: center;\" class=\"mb-4\">\n<\/div>\n<div id=\"agk_14000_pos_5_conteudo_desktop\" style=\"text-align: center;\" class=\"d-none d-lg-block mb-md-4\">\n<\/div>\n<p style=\"text-align:justify\">Nesse cen\u00e1rio, o mercado corrigiu parte dos pr\u00eamios de exporta\u00e7\u00e3o no Brasil. A movimenta\u00e7\u00e3o ocorre ao mesmo tempo em que o cen\u00e1rio no Mar Negro permanece complexo, com bloqueios e conflitos limitando as exporta\u00e7\u00f5es de R\u00fassia e Ucr\u00e2nia.<\/p>\n<p style=\"text-align:justify\">Apesar da press\u00e3o externa, o desempenho das exporta\u00e7\u00f5es brasileiras segue elevado. Segundo dados divulgados pela Conab, os embarques acumulados at\u00e9 julho de 2026 cresceram em rela\u00e7\u00e3o ao mesmo per\u00edodo do ano anterior, refor\u00e7ando a participa\u00e7\u00e3o do Brasil no com\u00e9rcio internacional da oleaginosa.<\/p>\n<p style=\"text-align:justify\">A distribui\u00e7\u00e3o dos embarques pelos portos tamb\u00e9m apresentou mudan\u00e7as. Pelos portos do Arco Norte foram expedidas 38,8% das exporta\u00e7\u00f5es nacionais, ante 38,2% no mesmo per\u00edodo do ano anterior.<\/p>\n<p style=\"text-align:justify\">Pelo Porto de Santos, foram escoados 35,7% do volume nacional, contra 35,9% no exerc\u00edcio anterior. J\u00e1 o Porto de Paranagu\u00e1 respondeu por 13,1% das exporta\u00e7\u00f5es brasileiras de soja, acima dos 11,9% registrados no mesmo per\u00edodo do ano anterior.<\/p>\n<p style=\"text-align:justify\">S\u00e3o Francisco do Sul, por sua vez, concentrou 4,9% dos embarques nacionais, ante 5,2% no mesmo per\u00edodo do ano anterior, segundo dados divulgados pela Conab.<\/p>\n<p style=\"text-align:justify\">A origem das cargas destinadas \u00e0 exporta\u00e7\u00e3o esteve concentrada nos estados de Mato Grosso, Goi\u00e1s, Paran\u00e1 e Minas Gerais.<\/p>\n<p style=\"text-align:justify\">O cen\u00e1rio mostra um mercado dividido entre a press\u00e3o exercida pelas expectativas de maior oferta norte-americana e a sustenta\u00e7\u00e3o proporcionada pelos pr\u00eamios de exporta\u00e7\u00e3o no Brasil. Ao mesmo tempo, a movimenta\u00e7\u00e3o dos principais portos mant\u00e9m os embarques brasileiros em patamar superior ao observado no ano anterior.\n<\/p>\n<div id=\"agk_14000_pos_5_conteudo_mobile\" style=\"text-align: center;\" class=\"mb-4\">\n<\/div>\n<p style=\"text-align:justify\">Para o produtor e os agentes do mercado, o comportamento da Bolsa de Chicago, a demanda chinesa e a forma\u00e7\u00e3o dos pr\u00eamios de exporta\u00e7\u00e3o continuam sendo fatores importantes para acompanhar a evolu\u00e7\u00e3o dos pre\u00e7os da soja no Brasil.<\/p>\n<\/p><\/div>\n<h6><em>THE <strong>MM Cereais<\/strong> works with the best grains on the market and also keeps you up to date with the latest news and analyses on agribusiness.<br \/>\nDon&#039;t forget to follow our social networks.<\/em><\/h6>\n<p><a href=\"https:\/\/www.agrolink.com.br\/noticias\/soja--veja-o-avanco-dos-embarques-brasileiros-ate-julho_518572.html\" target=\"_blank\" rel=\"noopener\">Access News Source <\/a><\/p>","protected":false},"excerpt":{"rendered":"<p>As exporta\u00e7\u00f5es brasileiras de soja avan\u00e7aram at\u00e9 julho de 2026, enquanto o mercado internacional enfrenta&hellip;<\/p>","protected":false},"author":1,"featured_media":27487,"comment_status":"","ping_status":"","sticky":false,"template":"","format":"standard","meta":{"footnotes":""},"categories":[259],"tags":[244,248,255,249,254,250,246,247,256,245,253,252,251],"class_list":["post-27677","post","type-post","status-publish","format-standard","has-post-thumbnail","hentry","category-soja","tag-agrolink","tag-agrotoxicos","tag-artigos-tecnicos","tag-classificados","tag-colunistas","tag-compra","tag-cotacoes","tag-defensivos","tag-eventos","tag-noticias","tag-precos-agricolas","tag-previsao-do-tempo","tag-venda"],"_links":{"self":[{"href":"https:\/\/mmcereais.com.br\/en\/wp-json\/wp\/v2\/posts\/27677","targetHints":{"allow":["GET"]}}],"collection":[{"href":"https:\/\/mmcereais.com.br\/en\/wp-json\/wp\/v2\/posts"}],"about":[{"href":"https:\/\/mmcereais.com.br\/en\/wp-json\/wp\/v2\/types\/post"}],"author":[{"embeddable":true,"href":"https:\/\/mmcereais.com.br\/en\/wp-json\/wp\/v2\/users\/1"}],"replies":[{"embeddable":true,"href":"https:\/\/mmcereais.com.br\/en\/wp-json\/wp\/v2\/comments?post=27677"}],"version-history":[{"count":0,"href":"https:\/\/mmcereais.com.br\/en\/wp-json\/wp\/v2\/posts\/27677\/revisions"}],"wp:featuredmedia":[{"embeddable":true,"href":"https:\/\/mmcereais.com.br\/en\/wp-json\/wp\/v2\/media\/27487"}],"wp:attachment":[{"href":"https:\/\/mmcereais.com.br\/en\/wp-json\/wp\/v2\/media?parent=27677"}],"wp:term":[{"taxonomy":"category","embeddable":true,"href":"https:\/\/mmcereais.com.br\/en\/wp-json\/wp\/v2\/categories?post=27677"},{"taxonomy":"post_tag","embeddable":true,"href":"https:\/\/mmcereais.com.br\/en\/wp-json\/wp\/v2\/tags?post=27677"}],"curies":[{"name":"wp","href":"https:\/\/api.w.org\/{rel}","templated":true}]}}