{"id":27663,"date":"2026-09-03T19:30:26","date_gmt":"2026-09-03T23:30:26","guid":{"rendered":"https:\/\/mmcereais.com.br\/2026\/safra\/resumo-do-plano-safra-2026-2027-divulgado-pela-faesp\/"},"modified":"2026-09-03T19:30:26","modified_gmt":"2026-09-03T23:30:26","slug":"resumo-do-plano-safra-2026-2027-divulgado-pela-faesp","status":"publish","type":"post","link":"https:\/\/mmcereais.com.br\/en\/2026\/safra\/resumo-do-plano-safra-2026-2027-divulgado-pela-faesp\/","title":{"rendered":"Summary of the 2026\/2027 Harvest Plan released by FAESP."},"content":{"rendered":"<p><img decoding=\"async\" src=\"http:\/\/www.agrolink.com.br\/upload\/imagens-resizes\/bf07a20ba0be449a8ed324f0314f672e_858x483.jpg\" \/><\/p>\n<div class=\"section-description section-description-noticias mt-3\">\n<p>The Economic Department of the Federation of Agriculture and Livestock of the State of S\u00e3o Paulo (FAESP) has prepared a comprehensive analysis of the guidelines and resources of the 2026\/2027 Crop Plan. Technical Report No. 31\/2026 serves as a practical guide for rural producers, unions, and sector leaders to understand the new rules and plan the financing of Brazilian agriculture for the cycle that runs until June 30, 2027.\n<\/p>\n<div id=\"agk_14000_pos_3_sidebar_mobile\" style=\"text-align: center;\" class=\"mb-4\">\n<\/div>\n<div id=\"agk_14000_pos_4_conteudo_desktop\" style=\"text-align: center;\" class=\"d-none d-lg-block mb-md-4\">\n<\/div>\n<p>For this season, the federal government announced a total amount of R$ 610.3 billion in rural credit, representing a nominal growth of 2.61% compared to the volume programmed in the previous Harvest Plan. Of this total, R$ 525.1 billion is for agribusiness and R$ 85.2 billion for family farming.\n<\/p>\n<div id=\"agk_14000_pos_4_conteudo_mobile\" style=\"text-align: center;\" class=\"mb-4\">\n<\/div>\n<div id=\"agk_14000_pos_5_conteudo_desktop\" style=\"text-align: center;\" class=\"d-none d-lg-block mb-md-4\">\n<\/div>\n<p>By consulting the full document, the reader will have access to a detailed explanation of the agricultural policy instruments for the current harvest, including: eligibility criteria for Pronaf and Pronamp; items financed by the main investment programs and Pronaf lines; new credit alternatives; changes in the use of the Agricultural Zoning of Climatic Risk (ZARC) within the scope of the Rural Insurance Premium Subsidy Program (PSR); changes in Proagro rates; limits and percentages of subsidies via PSR; and minimum prices for agricultural products in S\u00e3o Paulo, with emphasis on the adjustments of... <a href=\"https:\/\/www.agrolink.com.br\/culturas\/arroz\/?utm_source=agrolink-detalhe-noticia&amp;utm_medium=detalhe-noticia&amp;utm_campaign=links-internos\" target=\"_blank\" rel=\"noopener\">rice<\/a> (+10,55%), <a href=\"https:\/\/www.agrolink.com.br\/culturas\/feijao\/?utm_source=agrolink-detalhe-noticia&amp;utm_medium=detalhe-noticia&amp;utm_campaign=links-internos\" target=\"_blank\" rel=\"noopener\">bean<\/a> black (+9,66%) and <a href=\"https:\/\/www.agrolink.com.br\/culturas\/soja?utm_source=agrolink-detalhe-noticia&amp;utm_medium=detalhe-noticia&amp;utm_campaign=links-internos\" target=\"_blank\" rel=\"noopener\">soy<\/a> (+7,46%).\n<\/p>\n<div id=\"agk_14000_pos_5_conteudo_mobile\" style=\"text-align: center;\" class=\"mb-4\">\n<\/div><\/div>\n<h6><em>THE <strong>MM Cereais<\/strong> works with the best grains on the market and also keeps you up to date with the latest news and analyses on agribusiness.<br \/>\nDon&#039;t forget to follow our social networks.<\/em><\/h6>\n<p><a href=\"https:\/\/www.agrolink.com.br\/noticias\/faesp-divulga-informe-tecnico-detalhado-sobre-o-plano-safra-2026-2027_518528.html\" target=\"_blank\" rel=\"noopener\">Access News Source <\/a><\/p>","protected":false},"excerpt":{"rendered":"<p>O Departamento Econ\u00f4mico da Federa\u00e7\u00e3o da Agricultura e Pecu\u00e1ria do Estado de S\u00e3o Paulo (FAESP)&hellip;<\/p>","protected":false},"author":1,"featured_media":27664,"comment_status":"","ping_status":"","sticky":false,"template":"","format":"standard","meta":{"footnotes":""},"categories":[258],"tags":[244,248,255,249,254,250,246,247,256,245,253,252,251],"class_list":["post-27663","post","type-post","status-publish","format-standard","has-post-thumbnail","hentry","category-safra","tag-agrolink","tag-agrotoxicos","tag-artigos-tecnicos","tag-classificados","tag-colunistas","tag-compra","tag-cotacoes","tag-defensivos","tag-eventos","tag-noticias","tag-precos-agricolas","tag-previsao-do-tempo","tag-venda"],"_links":{"self":[{"href":"https:\/\/mmcereais.com.br\/en\/wp-json\/wp\/v2\/posts\/27663","targetHints":{"allow":["GET"]}}],"collection":[{"href":"https:\/\/mmcereais.com.br\/en\/wp-json\/wp\/v2\/posts"}],"about":[{"href":"https:\/\/mmcereais.com.br\/en\/wp-json\/wp\/v2\/types\/post"}],"author":[{"embeddable":true,"href":"https:\/\/mmcereais.com.br\/en\/wp-json\/wp\/v2\/users\/1"}],"replies":[{"embeddable":true,"href":"https:\/\/mmcereais.com.br\/en\/wp-json\/wp\/v2\/comments?post=27663"}],"version-history":[{"count":0,"href":"https:\/\/mmcereais.com.br\/en\/wp-json\/wp\/v2\/posts\/27663\/revisions"}],"wp:featuredmedia":[{"embeddable":true,"href":"https:\/\/mmcereais.com.br\/en\/wp-json\/wp\/v2\/media\/27664"}],"wp:attachment":[{"href":"https:\/\/mmcereais.com.br\/en\/wp-json\/wp\/v2\/media?parent=27663"}],"wp:term":[{"taxonomy":"category","embeddable":true,"href":"https:\/\/mmcereais.com.br\/en\/wp-json\/wp\/v2\/categories?post=27663"},{"taxonomy":"post_tag","embeddable":true,"href":"https:\/\/mmcereais.com.br\/en\/wp-json\/wp\/v2\/tags?post=27663"}],"curies":[{"name":"wp","href":"https:\/\/api.w.org\/{rel}","templated":true}]}}