{"id":27656,"date":"2026-09-03T12:30:31","date_gmt":"2026-09-03T16:30:31","guid":{"rendered":"https:\/\/mmcereais.com.br\/2026\/safra\/trigo-falta-de-chuva-reduz-potencial-produtivo-no-centro-oeste\/"},"modified":"2026-09-03T12:30:31","modified_gmt":"2026-09-03T16:30:31","slug":"trigo-falta-de-chuva-reduz-potencial-produtivo-no-centro-oeste","status":"publish","type":"post","link":"https:\/\/mmcereais.com.br\/en\/2026\/safra\/trigo-falta-de-chuva-reduz-potencial-produtivo-no-centro-oeste\/","title":{"rendered":"Wheat: Lack of rain reduces productive potential in the Midwest."},"content":{"rendered":"<p><img decoding=\"async\" src=\"http:\/\/www.agrolink.com.br\/upload\/imagens-resizes\/169db78c83cc4e97b0972a36fcec147b_858x483.jpg\" \/><\/p>\n<div class=\"section-description section-description-noticias mt-3\">\n<p style=\"text-align:justify\">THE <a href=\"https:\/\/www.agrolink.com.br\/culturas\/trigo\/?utm_source=agrolink-detalhe-noticia&amp;utm_medium=detalhe-noticia&amp;utm_campaign=links-internos\" target=\"_blank\" rel=\"noopener\">wheat<\/a> encerra agosto e inicia setembro de 2026 sob forte influ\u00eancia da disponibilidade de \u00e1gua no Centro-Oeste. Segundo dados divulgados pela Conab, Goi\u00e1s mant\u00e9m no campo apenas \u00e1reas irrigadas, enquanto Mato Grosso do Sul intensificou a colheita ap\u00f3s registrar redu\u00e7\u00e3o na produ\u00e7\u00e3o, associada \u00e0 brusone e \u00e0 restri\u00e7\u00e3o h\u00eddrica.\n<\/p>\n<div id=\"agk_14000_pos_3_sidebar_mobile\" style=\"text-align: center;\" class=\"mb-4\">\n<\/div>\n<div id=\"agk_14000_pos_4_conteudo_desktop\" style=\"text-align: center;\" class=\"d-none d-lg-block mb-md-4\">\n<\/div>\n<p style=\"text-align:justify\">Em Goi\u00e1s, o desempenho das lavouras foi determinado principalmente pelo sistema de produ\u00e7\u00e3o. Nas \u00e1reas de sequeiro, a escassez de chuvas durante o ciclo comprometeu processos fisiol\u00f3gicos como perfilhamento, alongamento do colmo, diferencia\u00e7\u00e3o floral e enchimento de gr\u00e3os.<\/p>\n<p style=\"text-align:justify\">Segundo dados divulgados pela Conab, os impactos resultaram em rendimentos reduzidos. Em parte dos talh\u00f5es, a baixa viabilidade econ\u00f4mica da colheita levou produtores a destinarem as lavouras remanescentes \u00e0 cobertura do solo. A pr\u00e1tica contribui para proteger a superf\u00edcie, conservar a umidade residual e preparar as \u00e1reas para o pr\u00f3ximo ciclo agr\u00edcola.<\/p>\n<p style=\"text-align:justify\">Nas \u00e1reas irrigadas de Goi\u00e1s, o desempenho agron\u00f4mico foi superior. A colheita come\u00e7ou pontualmente em agosto e apresentou produtividades satisfat\u00f3rias.<\/p>\n<p style=\"text-align:justify\">Segundo dados divulgados pela Conab, n\u00e3o foram registrados casos de brusone ou outras doen\u00e7as de import\u00e2ncia econ\u00f4mica no trigo irrigado. As temperaturas mais baixas do inverno tamb\u00e9m contribu\u00edram para reduzir a press\u00e3o de pragas.<\/p>\n<p style=\"text-align:justify\">A maior participa\u00e7\u00e3o relativa do cultivo irrigado \u00e9 justamente um dos fatores que elevam o rendimento m\u00e9dio estimado para Goi\u00e1s nesta safra. A import\u00e2ncia do fornecimento adequado de \u00e1gua tamb\u00e9m aparece em uma simula\u00e7\u00e3o realizada pelo Sistema de Suporte \u00e0 Decis\u00e3o na Agropecu\u00e1ria (SISDAGRO), do INMET, para uma lavoura de trigo irrigado em Cristalina (GO).\n<\/p>\n<div id=\"agk_14000_pos_4_conteudo_mobile\" style=\"text-align: center;\" class=\"mb-4\">\n<\/div>\n<div id=\"agk_14000_pos_5_conteudo_desktop\" style=\"text-align: center;\" class=\"d-none d-lg-block mb-md-4\">\n<\/div>\n<p style=\"text-align:justify\">Na simula\u00e7\u00e3o, a emerg\u00eancia ocorreu em 12 de maio e o ciclo considerado foi de 120 dias. Segundo dados divulgados pelo INMET, a necessidade h\u00eddrica estimada da cultura durante o per\u00edodo foi de 575,8 mil\u00edmetros.<\/p>\n<p style=\"text-align:justify\">A precipita\u00e7\u00e3o acumulada, por\u00e9m, chegou a apenas 69,2 mil\u00edmetros, distribu\u00eddos em 13 dias. O volume correspondeu a aproximadamente 12% da demanda h\u00eddrica estimada.<\/p>\n<p style=\"text-align:justify\">A restri\u00e7\u00e3o foi especialmente intensa em julho, quando n\u00e3o houve precipita\u00e7\u00e3o, e em agosto, quando o acumulado chegou a apenas 0,2 mil\u00edmetro.<\/p>\n<p style=\"text-align:justify\">Diante da baixa contribui\u00e7\u00e3o das chuvas, a cultura dependeu fortemente da irriga\u00e7\u00e3o. Na simula\u00e7\u00e3o, foram aplicados 303,8 mil\u00edmetros de \u00e1gua, distribu\u00eddos em 12 l\u00e2minas de aproximadamente 25 mil\u00edmetros. As aplica\u00e7\u00f5es ocorreram em intervalos progressivamente menores \u00e0 medida que aumentava a demanda evaporativa da cultura.<\/p>\n<p style=\"text-align:justify\">Mesmo assim, a quantidade e o intervalo entre as irriga\u00e7\u00f5es simuladas n\u00e3o foram suficientes para eliminar completamente os per\u00edodos de defici\u00eancia h\u00eddrica. Segundo dados divulgados pelo INMET, o d\u00e9ficit h\u00eddrico acumulado estimado chegou a 277,4 mil\u00edmetros durante o ciclo.<\/p>\n<p style=\"text-align:justify\">Nas condi\u00e7\u00f5es de manejo utilizadas na simula\u00e7\u00e3o, a defici\u00eancia h\u00eddrica resultou em uma perda estimada de 39,9% do potencial produtivo at\u00e9 7 de setembro.<\/p>\n<p style=\"text-align:justify\">Esse percentual, por\u00e9m, est\u00e1 relacionado especificamente \u00e0 parametriza\u00e7\u00e3o utilizada na simula\u00e7\u00e3o, principalmente \u00e0 quantidade das l\u00e2minas e aos intervalos entre as aplica\u00e7\u00f5es. Portanto, n\u00e3o representa necessariamente a perda observada em lavouras comerciais irrigadas por piv\u00f4 central.\n<\/p>\n<div id=\"agk_14000_pos_5_conteudo_mobile\" style=\"text-align: center;\" class=\"mb-4\">\n<\/div>\n<p style=\"text-align:justify\">Em Ponta Por\u00e3, no sudoeste de Mato Grosso do Sul, o desempenho do trigo de sequeiro foi limitado principalmente pela irregularidade na distribui\u00e7\u00e3o das chuvas durante o ciclo.<\/p>\n<p style=\"text-align:justify\">Segundo dados divulgados pelo INMET, a simula\u00e7\u00e3o para uma lavoura com emerg\u00eancia em 19 de maio apontou 236 mil\u00edmetros de chuva acumulada em 42 dias, enquanto a demanda h\u00eddrica estimada da cultura chegou a 393 mil\u00edmetros.<\/p>\n<p style=\"text-align:justify\">Embora junho tenha apresentado distribui\u00e7\u00e3o mais adequada das chuvas e d\u00e9ficit h\u00eddrico reduzido, a situa\u00e7\u00e3o se agravou em julho.<\/p>\n<p style=\"text-align:justify\">Naquele m\u00eas, foram registrados apenas 19,2 mil\u00edmetros de precipita\u00e7\u00e3o, enquanto a necessidade h\u00eddrica estimada do trigo alcan\u00e7ou 148,7 mil\u00edmetros. A partir de 21 de julho, o armazenamento de \u00e1gua no solo permaneceu abaixo de 10% da capacidade, indicando forte restri\u00e7\u00e3o h\u00eddrica.<\/p>\n<p style=\"text-align:justify\">Segundo dados divulgados pelo INMET, esse cen\u00e1rio pode reduzir a expans\u00e3o das folhas e, consequentemente, a capacidade da planta de interceptar a radia\u00e7\u00e3o solar e realizar fotoss\u00edntese.<\/p>\n<p style=\"text-align:justify\">Com menor capacidade fotossint\u00e9tica, a forma\u00e7\u00e3o de biomassa \u00e9 prejudicada. Nas fases posteriores do ciclo, o estresse h\u00eddrico tamb\u00e9m pode comprometer a forma\u00e7\u00e3o e o enchimento dos gr\u00e3os.<\/p>\n<p style=\"text-align:justify\">Na simula\u00e7\u00e3o, os per\u00edodos prolongados de baixa disponibilidade de \u00e1gua durante fases de elevada demanda resultaram em uma perda estimada de 54,6% do potencial produtivo.<\/p>\n<p style=\"text-align:justify\">Al\u00e9m da restri\u00e7\u00e3o h\u00eddrica, a cultura enfrentou press\u00e3o de doen\u00e7as em Mato Grosso do Sul. Segundo dados divulgados pela Conab, a combina\u00e7\u00e3o de temperaturas elevadas, umidade e nebulosidade favoreceu o desenvolvimento de doen\u00e7as f\u00fangicas.<\/p>\n<p style=\"text-align:justify\">A brusone, causada por Pyricularia oryzae, teve destaque principalmente nas regi\u00f5es produtoras do sudoeste sul-mato-grossense.<\/p>\n<p style=\"text-align:justify\">A ocorr\u00eancia da doen\u00e7a exigiu aten\u00e7\u00e3o dos produtores e contribuiu para ajustes nas estimativas de produ\u00e7\u00e3o \u00e0 medida que a colheita avan\u00e7ou no fim de agosto.<\/p>\n<p style=\"text-align:justify\">Para o per\u00edodo de 3 a 10 de setembro, a previs\u00e3o do modelo COSMO indica distribui\u00e7\u00e3o irregular das chuvas na Regi\u00e3o Centro-Oeste.<\/p>\n<p style=\"text-align:justify\">Os maiores acumulados est\u00e3o previstos para o sudoeste de Mato Grosso do Sul e o sul de Goi\u00e1s. Nessas \u00e1reas, os volumes devem variar, em geral, entre 20 e 50 mil\u00edmetros, com possibilidade de valores pr\u00f3ximos de 100 mil\u00edmetros de forma pontual, especialmente em setores do norte de Mato Grosso do Sul.<\/p>\n<p style=\"text-align:justify\">Nas demais \u00e1reas do Centro-Oeste, a tend\u00eancia \u00e9 de baixos acumulados, inferiores a 10 mil\u00edmetros, ou aus\u00eancia de precipita\u00e7\u00e3o significativa.<\/p>\n<p style=\"text-align:justify\">O cen\u00e1rio exige aten\u00e7\u00e3o ao avan\u00e7o da colheita do trigo. Chuvas acompanhadas de aumento da nebulosidade e da umidade relativa do ar podem reduzir as janelas de trabalho em campo e favorecer per\u00edodos mais prolongados de molhamento foliar.<\/p>\n<p style=\"text-align:justify\">Diante das condi\u00e7\u00f5es previstas, a orienta\u00e7\u00e3o \u00e9 priorizar os per\u00edodos secos para dar continuidade \u00e0s opera\u00e7\u00f5es de colheita, refor\u00e7ar a vigil\u00e2ncia fitossanit\u00e1ria e acompanhar continuamente as previs\u00f5es e os avisos meteorol\u00f3gicos emitidos pelo INMET.<\/p>\n<p style=\"text-align:justify\">O monitoramento das condi\u00e7\u00f5es de umidade e das doen\u00e7as pode ajudar na tomada de decis\u00f5es e na otimiza\u00e7\u00e3o das opera\u00e7\u00f5es no campo, especialmente nas \u00e1reas em que a colheita ainda est\u00e1 em andamento.<\/p>\n<\/p><\/div>\n<h6><em>THE <strong>MM Cereais<\/strong> works with the best grains on the market and also keeps you up to date with the latest news and analyses on agribusiness.<br \/>\nDon&#039;t forget to follow our social networks.<\/em><\/h6>\n<p><a href=\"https:\/\/www.agrolink.com.br\/noticias\/trigo--falta-de-chuva-reduz-potencial-produtivo-no-centro-oeste_518501.html\" target=\"_blank\" rel=\"noopener\">Access News Source <\/a><\/p>","protected":false},"excerpt":{"rendered":"<p>O trigo encerra agosto e inicia setembro de 2026 sob forte influ\u00eancia da disponibilidade de&hellip;<\/p>","protected":false},"author":1,"featured_media":27657,"comment_status":"","ping_status":"","sticky":false,"template":"","format":"standard","meta":{"footnotes":""},"categories":[258],"tags":[244,248,255,249,254,250,246,247,256,245,253,252,251],"class_list":["post-27656","post","type-post","status-publish","format-standard","has-post-thumbnail","hentry","category-safra","tag-agrolink","tag-agrotoxicos","tag-artigos-tecnicos","tag-classificados","tag-colunistas","tag-compra","tag-cotacoes","tag-defensivos","tag-eventos","tag-noticias","tag-precos-agricolas","tag-previsao-do-tempo","tag-venda"],"_links":{"self":[{"href":"https:\/\/mmcereais.com.br\/en\/wp-json\/wp\/v2\/posts\/27656","targetHints":{"allow":["GET"]}}],"collection":[{"href":"https:\/\/mmcereais.com.br\/en\/wp-json\/wp\/v2\/posts"}],"about":[{"href":"https:\/\/mmcereais.com.br\/en\/wp-json\/wp\/v2\/types\/post"}],"author":[{"embeddable":true,"href":"https:\/\/mmcereais.com.br\/en\/wp-json\/wp\/v2\/users\/1"}],"replies":[{"embeddable":true,"href":"https:\/\/mmcereais.com.br\/en\/wp-json\/wp\/v2\/comments?post=27656"}],"version-history":[{"count":0,"href":"https:\/\/mmcereais.com.br\/en\/wp-json\/wp\/v2\/posts\/27656\/revisions"}],"wp:featuredmedia":[{"embeddable":true,"href":"https:\/\/mmcereais.com.br\/en\/wp-json\/wp\/v2\/media\/27657"}],"wp:attachment":[{"href":"https:\/\/mmcereais.com.br\/en\/wp-json\/wp\/v2\/media?parent=27656"}],"wp:term":[{"taxonomy":"category","embeddable":true,"href":"https:\/\/mmcereais.com.br\/en\/wp-json\/wp\/v2\/categories?post=27656"},{"taxonomy":"post_tag","embeddable":true,"href":"https:\/\/mmcereais.com.br\/en\/wp-json\/wp\/v2\/tags?post=27656"}],"curies":[{"name":"wp","href":"https:\/\/api.w.org\/{rel}","templated":true}]}}