{"id":27652,"date":"2026-09-03T08:59:49","date_gmt":"2026-09-03T12:59:49","guid":{"rendered":"https:\/\/mmcereais.com.br\/2026\/safra\/mercado-de-defensivos-cresce-13-na-segunda-safra\/"},"modified":"2026-09-03T08:59:49","modified_gmt":"2026-09-03T12:59:49","slug":"mercado-de-defensivos-cresce-13-na-segunda-safra","status":"publish","type":"post","link":"https:\/\/mmcereais.com.br\/en\/2026\/safra\/mercado-de-defensivos-cresce-13-na-segunda-safra\/","title":{"rendered":"The pesticide market grew by 131% in the second crop season."},"content":{"rendered":"<p><img decoding=\"async\" src=\"http:\/\/www.agrolink.com.br\/upload\/imagens-resizes\/e946cc6bb82b4f72877865e2e572dd60_858x483.jpg\" \/><\/p>\n<div class=\"section-description section-description-noticias mt-3\">\n<p>O mercado de defensivos agr\u00edcolas para o <a href=\"https:\/\/www.agrolink.com.br\/culturas\/milho?utm_source=agrolink-detalhe-noticia&amp;utm_medium=detalhe-noticia&amp;utm_campaign=links-internos%09\" target=\"_blank\" rel=\"noopener\">corn<\/a> de segunda safra voltou a crescer em 2026, impulsionado principalmente pelo aumento da intensidade de manejo e pela recupera\u00e7\u00e3o dos pre\u00e7os dos produtos. A movimenta\u00e7\u00e3o alcan\u00e7ou R$ 15,4 bilh\u00f5es, avan\u00e7o de 13% sobre os R$ 13,7 bilh\u00f5es do ciclo anterior e o maior valor da s\u00e9rie hist\u00f3rica do levantamento. Em d\u00f3lares, as vendas somaram US$ 2,86 bilh\u00f5es, alta de 18%.\n<\/p>\n<div id=\"agk_14000_pos_3_sidebar_mobile\" style=\"text-align: center;\" class=\"mb-4\">\n<\/div>\n<div id=\"agk_14000_pos_4_conteudo_desktop\" style=\"text-align: center;\" class=\"d-none d-lg-block mb-md-4\">\n<\/div>\n<p>Segundo a Kynetec Brasil, a \u00e1rea cultivada nas regi\u00f5es pesquisadas cresceu apenas 1%, para cerca de 17,4 milh\u00f5es de hectares. O avan\u00e7o ocorreu sobretudo pelo maior n\u00famero de tratamentos, que passou de 17,7 para 19,1, elevando a \u00e1rea potencial tratada para 425 milh\u00f5es de hectares, crescimento de 8%. O investimento na prote\u00e7\u00e3o da lavoura subiu de R$ 794 para R$ 887 por hectare, alta de 12%.<\/p>\n<p>Os inseticidas mantiveram a lideran\u00e7a, com 39% do mercado e R$ 6,01 bilh\u00f5es em vendas, aumento de 16%. O controle de lagartas foi o principal destaque, com R$ 2,6 bilh\u00f5es, 58% acima da safra anterior, e ado\u00e7\u00e3o em 92% da \u00e1rea cultivada. Os fungicidas responderam por 21% do mercado, ou R$ 3,3 bilh\u00f5es, enquanto os herbicidas somaram R$ 3,12 bilh\u00f5es e participa\u00e7\u00e3o de 20%.\n<\/p>\n<div id=\"agk_14000_pos_4_conteudo_mobile\" style=\"text-align: center;\" class=\"mb-4\">\n<\/div>\n<div id=\"agk_14000_pos_5_conteudo_desktop\" style=\"text-align: center;\" class=\"d-none d-lg-block mb-md-4\">\n<\/div>\n<p>Entre os fungicidas, os produtos premium avan\u00e7aram 39%, para R$ 1,92 bilh\u00e3o, e chegaram a 63% das lavouras. Nos herbicidas, a ado\u00e7\u00e3o de produtos de amplo espectro passou de 31% para 44%. J\u00e1 os nematicidas atingiram 51% da \u00e1rea cultivada, com expans\u00e3o sustentada principalmente pelos produtos biol\u00f3gicos.<\/p>\n<p>Considerando as duas safras de milho, o mercado brasileiro de defensivos totalizou R$ 18,3 bilh\u00f5es em 2026, alta de 13%. A segunda safra respondeu por 84% do montante. O levantamento ouviu quase 2,3 mil produtores, gestores e tomadores de decis\u00e3o e cobriu 95% da \u00e1rea oficial da cultura.\n<\/p>\n<div id=\"agk_14000_pos_5_conteudo_mobile\" style=\"text-align: center;\" class=\"mb-4\">\n<\/div>\n<p>\n\u00a0<\/p>\n<\/p><\/div>\n<h6><em>THE <strong>MM Cereais<\/strong> works with the best grains on the market and also keeps you up to date with the latest news and analyses on agribusiness.<br \/>\nDon&#039;t forget to follow our social networks.<\/em><\/h6>\n<p><a href=\"https:\/\/www.agrolink.com.br\/noticias\/mercado-de-defensivos-cresce-13--na-segunda-safra_518490.html\" target=\"_blank\" rel=\"noopener\">Access News Source <\/a><\/p>","protected":false},"excerpt":{"rendered":"<p>O mercado de defensivos agr\u00edcolas para o milho de segunda safra voltou a crescer em&hellip;<\/p>","protected":false},"author":1,"featured_media":27653,"comment_status":"","ping_status":"","sticky":false,"template":"","format":"standard","meta":{"footnotes":""},"categories":[258],"tags":[244,248,255,249,254,250,246,247,256,245,253,252,251],"class_list":["post-27652","post","type-post","status-publish","format-standard","has-post-thumbnail","hentry","category-safra","tag-agrolink","tag-agrotoxicos","tag-artigos-tecnicos","tag-classificados","tag-colunistas","tag-compra","tag-cotacoes","tag-defensivos","tag-eventos","tag-noticias","tag-precos-agricolas","tag-previsao-do-tempo","tag-venda"],"_links":{"self":[{"href":"https:\/\/mmcereais.com.br\/en\/wp-json\/wp\/v2\/posts\/27652","targetHints":{"allow":["GET"]}}],"collection":[{"href":"https:\/\/mmcereais.com.br\/en\/wp-json\/wp\/v2\/posts"}],"about":[{"href":"https:\/\/mmcereais.com.br\/en\/wp-json\/wp\/v2\/types\/post"}],"author":[{"embeddable":true,"href":"https:\/\/mmcereais.com.br\/en\/wp-json\/wp\/v2\/users\/1"}],"replies":[{"embeddable":true,"href":"https:\/\/mmcereais.com.br\/en\/wp-json\/wp\/v2\/comments?post=27652"}],"version-history":[{"count":0,"href":"https:\/\/mmcereais.com.br\/en\/wp-json\/wp\/v2\/posts\/27652\/revisions"}],"wp:featuredmedia":[{"embeddable":true,"href":"https:\/\/mmcereais.com.br\/en\/wp-json\/wp\/v2\/media\/27653"}],"wp:attachment":[{"href":"https:\/\/mmcereais.com.br\/en\/wp-json\/wp\/v2\/media?parent=27652"}],"wp:term":[{"taxonomy":"category","embeddable":true,"href":"https:\/\/mmcereais.com.br\/en\/wp-json\/wp\/v2\/categories?post=27652"},{"taxonomy":"post_tag","embeddable":true,"href":"https:\/\/mmcereais.com.br\/en\/wp-json\/wp\/v2\/tags?post=27652"}],"curies":[{"name":"wp","href":"https:\/\/api.w.org\/{rel}","templated":true}]}}