{"id":27648,"date":"2026-09-03T06:39:51","date_gmt":"2026-09-03T10:39:51","guid":{"rendered":"https:\/\/mmcereais.com.br\/2026\/safra\/soja-tem-mercado-dividido-e-clima-limita-otimismo\/"},"modified":"2026-09-03T06:39:51","modified_gmt":"2026-09-03T10:39:51","slug":"soja-tem-mercado-dividido-e-clima-limita-otimismo","status":"publish","type":"post","link":"https:\/\/mmcereais.com.br\/en\/2026\/safra\/soja-tem-mercado-dividido-e-clima-limita-otimismo\/","title":{"rendered":"Soybean market is divided and weather limits optimism."},"content":{"rendered":"<p><img decoding=\"async\" src=\"http:\/\/www.agrolink.com.br\/upload\/imagens-resizes\/60a84293ef984052b02df407484a2826_858x483.jpg\" \/><\/p>\n<div class=\"section-description section-description-noticias mt-3\">\n<p>The market of <a href=\"https:\/\/www.agrolink.com.br\/culturas\/soja?utm_source=agrolink-detalhe-noticia&amp;utm_medium=detalhe-noticia&amp;utm_campaign=links-internos\" target=\"_blank\" rel=\"noopener\">soy<\/a> apresentou movimentos distintos entre os principais estados produtores, com avan\u00e7o em alguns portos, estabilidade em parte do balc\u00e3o e quedas pontuais no interior. Segundo a TF Agroecon\u00f4mica, o Rio Grande do Sul teve destaque com a nova estimativa da Emater\/RS-Ascar para a safra 2026\/27, que prev\u00ea 6,645 milh\u00f5es de hectares, recuo de 0,92%, e produ\u00e7\u00e3o de 21,151 milh\u00f5es de toneladas, alta de 15,32%.\n<\/p>\n<div id=\"agk_14000_pos_3_sidebar_mobile\" style=\"text-align: center;\" class=\"mb-4\">\n<\/div>\n<div id=\"agk_14000_pos_4_conteudo_desktop\" style=\"text-align: center;\" class=\"d-none d-lg-block mb-md-4\">\n<\/div>\n<p>No estado ga\u00facho, o porto de Rio Grande ficou em R$ 160,00 por saca, enquanto N\u00e3o Me Toque e Nonoai subiram para R$ 138,00. A recupera\u00e7\u00e3o projetada depende mais do clima do que da amplia\u00e7\u00e3o de \u00e1rea, em meio a relatos de lavouras de trigo e canola alagadas e preocupa\u00e7\u00e3o com a janela de semeadura da soja.<\/p>\n<p>Em Santa Catarina, o balc\u00e3o permaneceu est\u00e1vel, mas a refer\u00eancia FOB de Abelardo Luz chegou a R$ 157,00, diferen\u00e7a de at\u00e9 R$ 18,50 sobre pre\u00e7os locais. No Paran\u00e1, Paranagu\u00e1 avan\u00e7ou para R$ 159,00, alta de 0,28%, apesar da queda do d\u00f3lar, enquanto Castro recuou 1,32%, para R$ 149,00.\n<\/p>\n<div id=\"agk_14000_pos_4_conteudo_mobile\" style=\"text-align: center;\" class=\"mb-4\">\n<\/div>\n<div id=\"agk_14000_pos_5_conteudo_desktop\" style=\"text-align: center;\" class=\"d-none d-lg-block mb-md-4\">\n<\/div>\n<p>Mato Grosso do Sul teve sess\u00e3o mais fraca, com baixas nas principais pra\u00e7as e aten\u00e7\u00e3o \u00e0 prepara\u00e7\u00e3o das \u00e1reas, \u00e0 satura\u00e7\u00e3o de silos e ao custo dos fertilizantes. Em Mato Grosso, o mercado ficou dividido: Tangar\u00e1 da Serra subiu 5,26%, para R$ 140,00, e Campo Novo do Parecis avan\u00e7ou 5,34%, para R$ 138,00, enquanto outras regi\u00f5es corrigiram altas anteriores. O fim do vazio sanit\u00e1rio em 6 de setembro n\u00e3o \u00e9 visto como sinal autom\u00e1tico para o plantio, diante da necessidade de chuvas regulares e da incerteza clim\u00e1tica. Nas redes, o foco permanece no clima, nos custos e nas condi\u00e7\u00f5es para o in\u00edcio da nova safra.<\/p>\n<p>\n\u00a0<\/p>\n<\/p><\/div>\n<h6><em>THE <strong>MM Cereais<\/strong> works with the best grains on the market and also keeps you up to date with the latest news and analyses on agribusiness.<br \/>\nDon&#039;t forget to follow our social networks.<\/em><\/h6>\n<p><a href=\"https:\/\/www.agrolink.com.br\/noticias\/soja-tem-mercado-dividido-e-clima-limita-otimismo_518483.html\" target=\"_blank\" rel=\"noopener\">Access News Source <\/a><\/p>","protected":false},"excerpt":{"rendered":"<p>O mercado de soja apresentou movimentos distintos entre os principais estados produtores, com avan\u00e7o em&hellip;<\/p>","protected":false},"author":1,"featured_media":27491,"comment_status":"","ping_status":"","sticky":false,"template":"","format":"standard","meta":{"footnotes":""},"categories":[258],"tags":[244,248,255,249,254,250,246,247,256,245,253,252,251],"class_list":["post-27648","post","type-post","status-publish","format-standard","has-post-thumbnail","hentry","category-safra","tag-agrolink","tag-agrotoxicos","tag-artigos-tecnicos","tag-classificados","tag-colunistas","tag-compra","tag-cotacoes","tag-defensivos","tag-eventos","tag-noticias","tag-precos-agricolas","tag-previsao-do-tempo","tag-venda"],"_links":{"self":[{"href":"https:\/\/mmcereais.com.br\/en\/wp-json\/wp\/v2\/posts\/27648","targetHints":{"allow":["GET"]}}],"collection":[{"href":"https:\/\/mmcereais.com.br\/en\/wp-json\/wp\/v2\/posts"}],"about":[{"href":"https:\/\/mmcereais.com.br\/en\/wp-json\/wp\/v2\/types\/post"}],"author":[{"embeddable":true,"href":"https:\/\/mmcereais.com.br\/en\/wp-json\/wp\/v2\/users\/1"}],"replies":[{"embeddable":true,"href":"https:\/\/mmcereais.com.br\/en\/wp-json\/wp\/v2\/comments?post=27648"}],"version-history":[{"count":0,"href":"https:\/\/mmcereais.com.br\/en\/wp-json\/wp\/v2\/posts\/27648\/revisions"}],"wp:featuredmedia":[{"embeddable":true,"href":"https:\/\/mmcereais.com.br\/en\/wp-json\/wp\/v2\/media\/27491"}],"wp:attachment":[{"href":"https:\/\/mmcereais.com.br\/en\/wp-json\/wp\/v2\/media?parent=27648"}],"wp:term":[{"taxonomy":"category","embeddable":true,"href":"https:\/\/mmcereais.com.br\/en\/wp-json\/wp\/v2\/categories?post=27648"},{"taxonomy":"post_tag","embeddable":true,"href":"https:\/\/mmcereais.com.br\/en\/wp-json\/wp\/v2\/tags?post=27648"}],"curies":[{"name":"wp","href":"https:\/\/api.w.org\/{rel}","templated":true}]}}