{"id":27647,"date":"2026-09-03T06:29:58","date_gmt":"2026-09-03T10:29:58","guid":{"rendered":"https:\/\/mmcereais.com.br\/2026\/arroz\/analista-alerta-para-riscos-do-el-nino-ao-arroz-em-2027\/"},"modified":"2026-09-03T06:29:58","modified_gmt":"2026-09-03T10:29:58","slug":"analista-alerta-para-riscos-do-el-nino-ao-arroz-em-2027","status":"publish","type":"post","link":"https:\/\/mmcereais.com.br\/en\/2026\/arroz\/analista-alerta-para-riscos-do-el-nino-ao-arroz-em-2027\/","title":{"rendered":"Analyst warns of El Ni\u00f1o risks to rice in 2027."},"content":{"rendered":"<p><img decoding=\"async\" src=\"http:\/\/www.agrolink.com.br\/upload\/imagens-resizes\/f1ff2391f94c4b448f943cb374200e8b_858x483.jpg\" \/><\/p>\n<div class=\"section-description section-description-noticias mt-3\">\n<p>A possibilidade de um El Ni\u00f1o mais intenso em 2027 aumenta a aten\u00e7\u00e3o sobre a oferta global de alimentos, especialmente em mercados dependentes do equil\u00edbrio entre produ\u00e7\u00e3o, estoques e com\u00e9rcio internacional. Segundo Sergio Cardoso, analista da cadeia de <a href=\"https:\/\/www.agrolink.com.br\/culturas\/arroz\/?utm_source=agrolink-detalhe-noticia&amp;utm_medium=detalhe-noticia&amp;utm_campaign=links-internos\" target=\"_blank\" rel=\"noopener\">rice<\/a>, o principal risco n\u00e3o est\u00e1 necessariamente em uma falta generalizada do cereal, mas na redu\u00e7\u00e3o do volume dispon\u00edvel para exporta\u00e7\u00e3o e na press\u00e3o sobre os pre\u00e7os caso diferentes regi\u00f5es produtoras sejam afetadas ao mesmo tempo.\n<\/p>\n<div id=\"agk_14000_pos_3_sidebar_mobile\" style=\"text-align: center;\" class=\"mb-4\">\n<\/div>\n<div id=\"agk_14000_pos_4_conteudo_desktop\" style=\"text-align: center;\" class=\"d-none d-lg-block mb-md-4\">\n<\/div>\n<p>No Mercosul, a preocupa\u00e7\u00e3o coincide com o in\u00edcio da implanta\u00e7\u00e3o da safra 2026\/27. Rio Grande do Sul, Uruguai, Argentina e Paraguai j\u00e1 enfrentam uma combina\u00e7\u00e3o de clima, disponibilidade de \u00e1gua, custos elevados e dificuldade de cr\u00e9dito, fatores que tornam o come\u00e7o do ciclo mais sens\u00edvel.<\/p>\n<p>Os Estados Unidos tamb\u00e9m entram no radar pela disponibilidade de arroz, enquanto a Am\u00e9rica Central, mercado relevante tanto para os norte-americanos quanto para o Mercosul, \u00e9 apontada como uma regi\u00e3o particularmente vulner\u00e1vel aos efeitos do El Ni\u00f1o. No Panam\u00e1, sinais de d\u00e9ficit h\u00eddrico podem ampliar a preocupa\u00e7\u00e3o ao atingir tamb\u00e9m a opera\u00e7\u00e3o do Canal do Panam\u00e1, aproximando riscos clim\u00e1ticos, agr\u00edcolas e log\u00edsticos.\n<\/p>\n<div id=\"agk_14000_pos_4_conteudo_mobile\" style=\"text-align: center;\" class=\"mb-4\">\n<\/div>\n<div id=\"agk_14000_pos_5_conteudo_desktop\" style=\"text-align: center;\" class=\"d-none d-lg-block mb-md-4\">\n<\/div>\n<p>Na \u00c1sia, o comportamento de \u00cdndia, China, Tail\u00e2ndia e Vietn\u00e3 tamb\u00e9m pode ser decisivo. Esses pa\u00edses t\u00eam peso importante no equil\u00edbrio mundial do arroz, e eventuais problemas de produ\u00e7\u00e3o ou medidas de restri\u00e7\u00e3o \u00e0s exporta\u00e7\u00f5es podem alterar rapidamente o mercado internacional.<\/p>\n<p>Nesse cen\u00e1rio, a quest\u00e3o central passa a ser quem ter\u00e1 excedente para atender os pa\u00edses importadores e a que pre\u00e7o, caso o El Ni\u00f1o reduza simultaneamente a produ\u00e7\u00e3o em diferentes regi\u00f5es. Para o mercado de arroz, a avalia\u00e7\u00e3o indica que esse risco j\u00e1 merece acompanhamento.\n<\/p>\n<div id=\"agk_14000_pos_5_conteudo_mobile\" style=\"text-align: center;\" class=\"mb-4\">\n<\/div>\n<p>\n\u00a0<\/p>\n<\/p><\/div>\n<h6><em>THE <strong>MM Cereais<\/strong> It works with the best rice grains on the market and also keeps you up-to-date on the latest news and analysis about agribusiness.<br \/>\nDon&#039;t forget to follow our social networks.<\/em><\/h6>\n<p><a href=\"https:\/\/www.agrolink.com.br\/noticias\/analista-alerta-para-riscos-do-el-nino-ao-arroz-em-2027_518481.html\" target=\"_blank\" rel=\"noopener\">Access News Source <\/a><\/p>","protected":false},"excerpt":{"rendered":"<p>A possibilidade de um El Ni\u00f1o mais intenso em 2027 aumenta a aten\u00e7\u00e3o sobre a&hellip;<\/p>","protected":false},"author":1,"featured_media":27497,"comment_status":"","ping_status":"","sticky":false,"template":"","format":"standard","meta":{"footnotes":""},"categories":[204],"tags":[244,248,255,249,254,250,246,247,256,245,253,252,251],"class_list":["post-27647","post","type-post","status-publish","format-standard","has-post-thumbnail","hentry","category-arroz","tag-agrolink","tag-agrotoxicos","tag-artigos-tecnicos","tag-classificados","tag-colunistas","tag-compra","tag-cotacoes","tag-defensivos","tag-eventos","tag-noticias","tag-precos-agricolas","tag-previsao-do-tempo","tag-venda"],"_links":{"self":[{"href":"https:\/\/mmcereais.com.br\/en\/wp-json\/wp\/v2\/posts\/27647","targetHints":{"allow":["GET"]}}],"collection":[{"href":"https:\/\/mmcereais.com.br\/en\/wp-json\/wp\/v2\/posts"}],"about":[{"href":"https:\/\/mmcereais.com.br\/en\/wp-json\/wp\/v2\/types\/post"}],"author":[{"embeddable":true,"href":"https:\/\/mmcereais.com.br\/en\/wp-json\/wp\/v2\/users\/1"}],"replies":[{"embeddable":true,"href":"https:\/\/mmcereais.com.br\/en\/wp-json\/wp\/v2\/comments?post=27647"}],"version-history":[{"count":0,"href":"https:\/\/mmcereais.com.br\/en\/wp-json\/wp\/v2\/posts\/27647\/revisions"}],"wp:featuredmedia":[{"embeddable":true,"href":"https:\/\/mmcereais.com.br\/en\/wp-json\/wp\/v2\/media\/27497"}],"wp:attachment":[{"href":"https:\/\/mmcereais.com.br\/en\/wp-json\/wp\/v2\/media?parent=27647"}],"wp:term":[{"taxonomy":"category","embeddable":true,"href":"https:\/\/mmcereais.com.br\/en\/wp-json\/wp\/v2\/categories?post=27647"},{"taxonomy":"post_tag","embeddable":true,"href":"https:\/\/mmcereais.com.br\/en\/wp-json\/wp\/v2\/tags?post=27647"}],"curies":[{"name":"wp","href":"https:\/\/api.w.org\/{rel}","templated":true}]}}