{"id":27646,"date":"2026-09-03T05:59:51","date_gmt":"2026-09-03T09:59:51","guid":{"rendered":"https:\/\/mmcereais.com.br\/2026\/soja\/novas-tecnologias-avancam-para-a-soja-brasileira\/"},"modified":"2026-09-03T05:59:51","modified_gmt":"2026-09-03T09:59:51","slug":"novas-tecnologias-avancam-para-a-soja-brasileira","status":"publish","type":"post","link":"https:\/\/mmcereais.com.br\/en\/2026\/soja\/novas-tecnologias-avancam-para-a-soja-brasileira\/","title":{"rendered":"New technologies are advancing for Brazilian soybeans."},"content":{"rendered":"<p><img decoding=\"async\" src=\"http:\/\/www.agrolink.com.br\/upload\/imagens-resizes\/65aa5008d54f49e0958b482b96491276_858x483.jpg\" \/><\/p>\n<div class=\"section-description section-description-noticias mt-3\">\n<p>A agricultura brasileira deve receber uma nova rodada de tecnologias voltadas ao manejo de pragas, plantas daninhas e ganho de produtividade nos pr\u00f3ximos anos. Entre os projetos anunciados est\u00e3o solu\u00e7\u00f5es para <a href=\"https:\/\/www.agrolink.com.br\/culturas\/soja?utm_source=agrolink-detalhe-noticia&amp;utm_medium=detalhe-noticia&amp;utm_campaign=links-internos\" target=\"_blank\" rel=\"noopener\">soy<\/a> e defensivos com foco em ampliar op\u00e7\u00f5es de controle no campo, dentro de uma estrat\u00e9gia global que combina sementes, biotecnologia e prote\u00e7\u00e3o de cultivos.\n<\/p>\n<div id=\"agk_14000_pos_3_sidebar_mobile\" style=\"text-align: center;\" class=\"mb-4\">\n<\/div>\n<div id=\"agk_14000_pos_4_conteudo_desktop\" style=\"text-align: center;\" class=\"d-none d-lg-block mb-md-4\">\n<\/div>\n<p>A Bayer informou que pretende levar ao mercado dez produtos com potencial de vendas anuais de pelo menos 500 milh\u00f5es de euros cada. Para o Brasil, um dos principais destaques \u00e9 a Intacta 5+, prevista para a safra 2027\/2028. A tecnologia deve reunir toler\u00e2ncia a cinco herbicidas e novos mecanismos de prote\u00e7\u00e3o contra insetos desenvolvidos especificamente para as condi\u00e7\u00f5es brasileiras. A comercializa\u00e7\u00e3o, por\u00e9m, depende da conclus\u00e3o dos processos regulat\u00f3rios.<\/p>\n<p>Outro produto previsto para chegar ao pa\u00eds \u00e9 o inseticida Plenexos, j\u00e1 lan\u00e7ado na Col\u00f4mbia. Segundo a companhia, a tecnologia atua sobre um amplo espectro de insetos sugadores e pode exigir at\u00e9 75% menos ingrediente ativo em compara\u00e7\u00e3o com outras alternativas, com base em mais de 600 ensaios realizados no Brasil entre 2021 e 2025. O foco inclui soja, algod\u00e3o, frutas e hortali\u00e7as.\n<\/p>\n<div id=\"agk_14000_pos_4_conteudo_mobile\" style=\"text-align: center;\" class=\"mb-4\">\n<\/div>\n<div id=\"agk_14000_pos_5_conteudo_desktop\" style=\"text-align: center;\" class=\"d-none d-lg-block mb-md-4\">\n<\/div>\n<p>Na pesquisa, a empresa tamb\u00e9m desenvolve uma nova gera\u00e7\u00e3o de toler\u00e2ncia a herbicidas e uma soja editada geneticamente para reduzir o risco de acamamento em plantas de maior porte. A Bayer afirma ainda utilizar intelig\u00eancia artificial para acelerar o melhoramento gen\u00e9tico e a descoberta de novos modos de a\u00e7\u00e3o em defensivos. Mais de 15 mecanismos in\u00e9ditos est\u00e3o em fase de pesquisa, entre eles um fungicida de amplo espectro para soja.<\/p>\n<p>\n\u00a0<\/p>\n<\/p><\/div>\n<h6><em>THE <strong>MM Cereais<\/strong> works with the best grains on the market and also keeps you up to date with the latest news and analyses on agribusiness.<br \/>\nDon&#039;t forget to follow our social networks.<\/em><\/h6>\n<p><a href=\"https:\/\/www.agrolink.com.br\/noticias\/novas-tecnologias-avancam-para-a-soja-brasileira_518479.html\" target=\"_blank\" rel=\"noopener\">Access News Source <\/a><\/p>","protected":false},"excerpt":{"rendered":"<p>A agricultura brasileira deve receber uma nova rodada de tecnologias voltadas ao manejo de pragas,&hellip;<\/p>","protected":false},"author":1,"featured_media":27519,"comment_status":"","ping_status":"","sticky":false,"template":"","format":"standard","meta":{"footnotes":""},"categories":[259],"tags":[244,248,255,249,254,250,246,247,256,245,253,252,251],"class_list":["post-27646","post","type-post","status-publish","format-standard","has-post-thumbnail","hentry","category-soja","tag-agrolink","tag-agrotoxicos","tag-artigos-tecnicos","tag-classificados","tag-colunistas","tag-compra","tag-cotacoes","tag-defensivos","tag-eventos","tag-noticias","tag-precos-agricolas","tag-previsao-do-tempo","tag-venda"],"_links":{"self":[{"href":"https:\/\/mmcereais.com.br\/en\/wp-json\/wp\/v2\/posts\/27646","targetHints":{"allow":["GET"]}}],"collection":[{"href":"https:\/\/mmcereais.com.br\/en\/wp-json\/wp\/v2\/posts"}],"about":[{"href":"https:\/\/mmcereais.com.br\/en\/wp-json\/wp\/v2\/types\/post"}],"author":[{"embeddable":true,"href":"https:\/\/mmcereais.com.br\/en\/wp-json\/wp\/v2\/users\/1"}],"replies":[{"embeddable":true,"href":"https:\/\/mmcereais.com.br\/en\/wp-json\/wp\/v2\/comments?post=27646"}],"version-history":[{"count":0,"href":"https:\/\/mmcereais.com.br\/en\/wp-json\/wp\/v2\/posts\/27646\/revisions"}],"wp:featuredmedia":[{"embeddable":true,"href":"https:\/\/mmcereais.com.br\/en\/wp-json\/wp\/v2\/media\/27519"}],"wp:attachment":[{"href":"https:\/\/mmcereais.com.br\/en\/wp-json\/wp\/v2\/media?parent=27646"}],"wp:term":[{"taxonomy":"category","embeddable":true,"href":"https:\/\/mmcereais.com.br\/en\/wp-json\/wp\/v2\/categories?post=27646"},{"taxonomy":"post_tag","embeddable":true,"href":"https:\/\/mmcereais.com.br\/en\/wp-json\/wp\/v2\/tags?post=27646"}],"curies":[{"name":"wp","href":"https:\/\/api.w.org\/{rel}","templated":true}]}}