{"id":27635,"date":"2026-09-02T16:39:55","date_gmt":"2026-09-02T20:39:55","guid":{"rendered":"https:\/\/mmcereais.com.br\/2026\/safra\/safra-2026-27-producao-de-graos-pode-crescer-864-no-rs\/"},"modified":"2026-09-02T16:39:55","modified_gmt":"2026-09-02T20:39:55","slug":"safra-2026-27-producao-de-graos-pode-crescer-864-no-rs","status":"publish","type":"post","link":"https:\/\/mmcereais.com.br\/en\/2026\/safra\/safra-2026-27-producao-de-graos-pode-crescer-864-no-rs\/","title":{"rendered":"2026\/27 Harvest: Grain production could grow 8,64% in RS"},"content":{"rendered":"<p><img decoding=\"async\" src=\"http:\/\/www.agrolink.com.br\/upload\/imagens-resizes\/c6982d4fd16d4cbcaa93cda0c6bdbc18_858x483.jpg\" \/><\/p>\n<div class=\"section-description section-description-noticias mt-3\">\n<p style=\"text-align:justify\">A safra de ver\u00e3o 2026\/2027 no Rio Grande do Sul deve alcan\u00e7ar 35,64 milh\u00f5es de toneladas, alta de 8,64% em rela\u00e7\u00e3o ao ciclo anterior, segundo dados divulgados pela Emater\/RS-Ascar. A estimativa inicial foi apresentada nesta ter\u00e7a-feira (1\u00ba), durante a 49\u00aa Expointer, em Esteio, com destaque para o avan\u00e7o do <a href=\"https:\/\/www.agrolink.com.br\/culturas\/milho?utm_source=agrolink-detalhe-noticia&amp;utm_medium=detalhe-noticia&amp;utm_campaign=links-internos%09\" target=\"_blank\" rel=\"noopener\">corn<\/a> e o aumento da produtividade projetada para a <a href=\"https:\/\/www.agrolink.com.br\/culturas\/soja?utm_source=agrolink-detalhe-noticia&amp;utm_medium=detalhe-noticia&amp;utm_campaign=links-internos\" target=\"_blank\" rel=\"noopener\">soy<\/a>. O levantamento foi realizado entre 10 e 24 de agosto e envolveu quase a totalidade dos munic\u00edpios produtores de soja, milho, milho silagem, <a href=\"https:\/\/www.agrolink.com.br\/culturas\/feijao\/?utm_source=agrolink-detalhe-noticia&amp;utm_medium=detalhe-noticia&amp;utm_campaign=links-internos\" target=\"_blank\" rel=\"noopener\">bean<\/a> and <a href=\"https:\/\/www.agrolink.com.br\/culturas\/arroz\/?utm_source=agrolink-detalhe-noticia&amp;utm_medium=detalhe-noticia&amp;utm_campaign=links-internos\" target=\"_blank\" rel=\"noopener\">rice<\/a> no Estado.\n<\/p>\n<div id=\"agk_14000_pos_3_sidebar_mobile\" style=\"text-align: center;\" class=\"mb-4\">\n<\/div>\n<div id=\"agk_14000_pos_4_conteudo_desktop\" style=\"text-align: center;\" class=\"d-none d-lg-block mb-md-4\">\n<\/div>\n<p style=\"text-align:justify\">Segundo dados divulgados pela Emater\/RS-Ascar, a \u00e1rea total destinada aos gr\u00e3os de ver\u00e3o deve somar 8.428.151 hectares, redu\u00e7\u00e3o de 0,37% em rela\u00e7\u00e3o \u00e0 safra anterior.<\/p>\n<p style=\"text-align:justify\">Entre as principais culturas, o milho gr\u00e3o apresenta uma das maiores expans\u00f5es de \u00e1rea. A proje\u00e7\u00e3o \u00e9 de 896.401 hectares cultivados, aumento de 7,42% em rela\u00e7\u00e3o aos 834.500 hectares da safra passada.<\/p>\n<p style=\"text-align:justify\">A produ\u00e7\u00e3o de milho est\u00e1 estimada em 6.911.954 toneladas, alta de 7,18% frente \u00e0s 6.448.709 toneladas obtidas anteriormente. A produtividade m\u00e9dia deve chegar a 7.711 kg\/ha, queda de 0,25% ante os 7.730 kg\/ha registrados no ciclo passado.<\/p>\n<p style=\"text-align:justify\">A soja continua como principal cultura em volume de produ\u00e7\u00e3o. Segundo dados divulgados pela Emater\/RS-Ascar, a oleaginosa deve gerar 21.151.135 toneladas, aumento de 15,32% em rela\u00e7\u00e3o \u00e0s 18.341.586 toneladas da safra anterior. O avan\u00e7o da produ\u00e7\u00e3o est\u00e1 associado \u00e0 produtividade estimada em 3.183 kg\/ha, alta de 16,37% sobre os 2.735 kg\/ha registrados no ciclo passado.<\/p>\n<p style=\"text-align:justify\">A \u00e1rea destinada \u00e0 soja, por outro lado, deve recuar 0,92%, para 6.645.384 hectares. Na safra anterior, foram cultivados 6.707.017 hectares.<\/p>\n<p style=\"text-align:justify\">No feij\u00e3o de primeira safra, a produtividade projetada tamb\u00e9m apresenta avan\u00e7o. Segundo dados divulgados pela Emater\/RS-Ascar, o rendimento deve passar de 1.627 kg\/ha para 1.759 kg\/ha, alta de 8,10%. A produ\u00e7\u00e3o estimada \u00e9 de 43.244 toneladas, crescimento de 1,20% frente \u00e0s 42.732 toneladas obtidas na safra anterior. A \u00e1rea cultivada com feij\u00e3o de primeira safra, entretanto, deve diminuir 6,36%, de 26.258 para 24.587 hectares.<\/p>\n<p style=\"text-align:justify\">O milho destinado \u00e0 silagem apresenta crescimento mais moderado. A \u00e1rea projetada para a safra 2026\/2027 \u00e9 de 369.389 hectares, alta de 0,19% em rela\u00e7\u00e3o aos 368.692 hectares do ciclo anterior. A produtividade m\u00e9dia deve alcan\u00e7ar 38.392 kg\/ha, aumento de 3,36% sobre os 37.144 kg\/ha registrados anteriormente. Com isso, a produ\u00e7\u00e3o deve chegar a 14.181.712 toneladas, crescimento de 3,58% ante as 13.692.153 toneladas da safra passada.<\/p>\n<p style=\"text-align:justify\">O arroz segue em sentido contr\u00e1rio. Segundo dados divulgados pela Emater\/RS-Ascar, a \u00e1rea cultivada deve cair 3,4%, passando de 891.909 para 861.779 hectares. A produ\u00e7\u00e3o est\u00e1 estimada em 7.533.037 toneladas, redu\u00e7\u00e3o de 5,49% em rela\u00e7\u00e3o \u00e0s 7.970.527 toneladas do ciclo anterior. A produtividade tamb\u00e9m deve recuar 2,21%, de 8.939 kg\/ha para 8.741 kg\/ha.<\/p>\n<p style=\"text-align:justify\">Ao avaliar as perspectivas para a safra, o presidente da Emater\/RS, Claudinei Baldissera, destacou o crescimento da \u00e1rea de milho gr\u00e3o em rela\u00e7\u00e3o ao ciclo anterior e \u00e0 safra 2024\/2025. \u201cEsse aumento de \u00e1rea se associa a fatores como a utiliza\u00e7\u00e3o de irriga\u00e7\u00e3o e de sementes de boa qualidade\u201d.\n<\/p>\n<div id=\"agk_14000_pos_4_conteudo_mobile\" style=\"text-align: center;\" class=\"mb-4\">\n<\/div>\n<div id=\"agk_14000_pos_5_conteudo_desktop\" style=\"text-align: center;\" class=\"d-none d-lg-block mb-md-4\">\n<\/div>\n<p style=\"text-align:justify\">Baldissera tamb\u00e9m ressaltou o posicionamento do milho como uma cultura que busca melhor desempenho em condi\u00e7\u00f5es de estabilidade clim\u00e1tica e que vem se fortalecendo como importante componente da rota\u00e7\u00e3o de culturas.<\/p>\n<p style=\"text-align:justify\">Sobre o milho silagem, o presidente destacou o crescimento, ainda que leve, da \u00e1rea projetada. \u201c\u00c9 uma \u00e1rea expressiva e que representa uma fonte de alimenta\u00e7\u00e3o bastante importante para o setor da prote\u00edna animal, encontrada em todas as regi\u00f5es do Estado.\u201d<\/p>\n<p style=\"text-align:justify\">Para o diretor-t\u00e9cnico da Emater\/RS, Mateus Soares da Rocha, um dos principais desafios da pr\u00f3xima safra est\u00e1 relacionado ao endividamento dos produtores rurais.<\/p>\n<p style=\"text-align:justify\">A condi\u00e7\u00e3o restringe o acesso ao cr\u00e9dito junto aos agentes financeiros p\u00fablicos e privados. Segundo dados divulgados pela Emater\/RS-Ascar, o cen\u00e1rio \u00e9 agravado pelo elevado custo dos seguros agr\u00edcolas e do Proagro.<\/p>\n<p style=\"text-align:justify\">A combina\u00e7\u00e3o desses fatores aumenta a exposi\u00e7\u00e3o financeira dos produtores e pode limitar a capacidade de investimento e de contrata\u00e7\u00e3o de mecanismos de prote\u00e7\u00e3o contra riscos clim\u00e1ticos e produtivos.<\/p>\n<p style=\"text-align:justify\">Nesse cen\u00e1rio, a assist\u00eancia t\u00e9cnica deve ter papel importante durante todo o ciclo. O planejamento deve come\u00e7ar no pr\u00e9-plantio, com defini\u00e7\u00e3o das culturas, organiza\u00e7\u00e3o financeira e an\u00e1lise de riscos, e continuar durante a implanta\u00e7\u00e3o e o desenvolvimento das lavouras.<\/p>\n<p style=\"text-align:justify\">O acompanhamento tamb\u00e9m deve avan\u00e7ar para o per\u00edodo p\u00f3s-colheita, principalmente nas decis\u00f5es relacionadas \u00e0 comercializa\u00e7\u00e3o e \u00e0 gest\u00e3o da renda obtida. \u201cN\u00e3o existe margem para erro\u201d, destacou o diretor-t\u00e9cnico ao avaliar as condi\u00e7\u00f5es para a pr\u00f3xima safra.<\/p>\n<p style=\"text-align:justify\">Entre os principais fatores de preocupa\u00e7\u00e3o est\u00e1 a ocorr\u00eancia do El Ni\u00f1o, que poder\u00e1 interferir no in\u00edcio da implanta\u00e7\u00e3o das culturas de ver\u00e3o. A previs\u00e3o de chuvas acima do normal pode reduzir a janela de plantio, dificultar o acesso \u00e0s \u00e1reas e diminuir a disponibilidade de radia\u00e7\u00e3o solar.<\/p>\n<p style=\"text-align:justify\">Essas condi\u00e7\u00f5es podem comprometer o estabelecimento inicial das lavouras e reduzir o potencial produtivo. Apesar dos riscos, a proje\u00e7\u00e3o tamb\u00e9m apresenta aspectos positivos. Entre eles est\u00e1 o aumento estimado da \u00e1rea e da produ\u00e7\u00e3o de milho, cultura que apresenta maior adapta\u00e7\u00e3o e resposta produtiva em condi\u00e7\u00f5es associadas ao El Ni\u00f1o.\n<\/p>\n<div id=\"agk_14000_pos_5_conteudo_mobile\" style=\"text-align: center;\" class=\"mb-4\">\n<\/div>\n<p style=\"text-align:justify\">Na soja, o movimento \u00e9 diferente. Segundo dados divulgados pela Emater\/RS-Ascar, a \u00e1rea destinada \u00e0 oleaginosa deve ser reduzida em 61.633 hectares, principalmente em regi\u00f5es consideradas de menor aptid\u00e3o para a cultura. Entre os locais destacados est\u00e3o as regionais de Porto Alegre e Soledade, onde as condi\u00e7\u00f5es edafoclim\u00e1ticas e o risco produtivo contribuem para a redu\u00e7\u00e3o da \u00e1rea destinada \u00e0 soja.<\/p>\n<p style=\"text-align:justify\">Diante desse cen\u00e1rio, o planejamento da safra dever\u00e1 combinar gest\u00e3o financeira, an\u00e1lise de risco, orienta\u00e7\u00e3o t\u00e9cnica, planejamento clim\u00e1tico e estrat\u00e9gias de comercializa\u00e7\u00e3o. A capacidade de antecipar riscos e ajustar as decis\u00f5es ao longo do ciclo ser\u00e1 fundamental para preservar a renda das fam\u00edlias rurais e reduzir a vulnerabilidade diante do endividamento, dos custos elevados de prote\u00e7\u00e3o e da maior variabilidade clim\u00e1tica.<\/p>\n<p style=\"text-align:justify\">Na avalia\u00e7\u00e3o meteorol\u00f3gica, o meteorologista e coordenador do Sistema de Monitoramento e Alertas Agroclim\u00e1ticos do Rio Grande do Sul (Simagro), Fl\u00e1vio Varone, destacou a influ\u00eancia do El Ni\u00f1o sobre a primavera, per\u00edodo em que come\u00e7am os plantios dos gr\u00e3os da safra de ver\u00e3o. \u201cA primavera apresenta probabilidade para um El Ni\u00f1o forte\/muito forte, com temperatura m\u00e9dia e chuvas intensas acima das normais para o Estado, e sem previs\u00e3o de geadas tardias\u201d, avalia.<\/p>\n<p style=\"text-align:justify\">Para o in\u00edcio do ver\u00e3o, Varone projeta atraso na semeadura e ocorr\u00eancia de doen\u00e7as nas culturas em raz\u00e3o da combina\u00e7\u00e3o de temperaturas elevadas e excesso de umidade, potencializados pela redu\u00e7\u00e3o da luminosidade e pelas dificuldades de opera\u00e7\u00e3o no campo.<\/p>\n<\/p><\/div>\n<h6><em>THE <strong>MM Cereais<\/strong> works with the best grains on the market and also keeps you up to date with the latest news and analyses on agribusiness.<br \/>\nDon&#039;t forget to follow our social networks.<\/em><\/h6>\n<p><a href=\"https:\/\/www.agrolink.com.br\/noticias\/safra-2026-27--producao-de-graos-pode-crescer-8-64--no-rs_518465.html\" target=\"_blank\" rel=\"noopener\">Access News Source <\/a><\/p>","protected":false},"excerpt":{"rendered":"<p>A safra de ver\u00e3o 2026\/2027 no Rio Grande do Sul deve alcan\u00e7ar 35,64 milh\u00f5es de&hellip;<\/p>","protected":false},"author":1,"featured_media":27636,"comment_status":"","ping_status":"","sticky":false,"template":"","format":"standard","meta":{"footnotes":""},"categories":[258],"tags":[244,248,255,249,254,250,246,247,256,245,253,252,251],"class_list":["post-27635","post","type-post","status-publish","format-standard","has-post-thumbnail","hentry","category-safra","tag-agrolink","tag-agrotoxicos","tag-artigos-tecnicos","tag-classificados","tag-colunistas","tag-compra","tag-cotacoes","tag-defensivos","tag-eventos","tag-noticias","tag-precos-agricolas","tag-previsao-do-tempo","tag-venda"],"_links":{"self":[{"href":"https:\/\/mmcereais.com.br\/en\/wp-json\/wp\/v2\/posts\/27635","targetHints":{"allow":["GET"]}}],"collection":[{"href":"https:\/\/mmcereais.com.br\/en\/wp-json\/wp\/v2\/posts"}],"about":[{"href":"https:\/\/mmcereais.com.br\/en\/wp-json\/wp\/v2\/types\/post"}],"author":[{"embeddable":true,"href":"https:\/\/mmcereais.com.br\/en\/wp-json\/wp\/v2\/users\/1"}],"replies":[{"embeddable":true,"href":"https:\/\/mmcereais.com.br\/en\/wp-json\/wp\/v2\/comments?post=27635"}],"version-history":[{"count":0,"href":"https:\/\/mmcereais.com.br\/en\/wp-json\/wp\/v2\/posts\/27635\/revisions"}],"wp:featuredmedia":[{"embeddable":true,"href":"https:\/\/mmcereais.com.br\/en\/wp-json\/wp\/v2\/media\/27636"}],"wp:attachment":[{"href":"https:\/\/mmcereais.com.br\/en\/wp-json\/wp\/v2\/media?parent=27635"}],"wp:term":[{"taxonomy":"category","embeddable":true,"href":"https:\/\/mmcereais.com.br\/en\/wp-json\/wp\/v2\/categories?post=27635"},{"taxonomy":"post_tag","embeddable":true,"href":"https:\/\/mmcereais.com.br\/en\/wp-json\/wp\/v2\/tags?post=27635"}],"curies":[{"name":"wp","href":"https:\/\/api.w.org\/{rel}","templated":true}]}}