{"id":27625,"date":"2026-09-02T09:24:00","date_gmt":"2026-09-02T13:24:00","guid":{"rendered":"https:\/\/mmcereais.com.br\/2026\/safra\/massa-polar-pode-levar-temperaturas-abaixo-de-0c\/"},"modified":"2026-09-02T09:24:00","modified_gmt":"2026-09-02T13:24:00","slug":"massa-polar-pode-levar-temperaturas-abaixo-de-0c","status":"publish","type":"post","link":"https:\/\/mmcereais.com.br\/en\/2026\/safra\/massa-polar-pode-levar-temperaturas-abaixo-de-0c\/","title":{"rendered":"Polar air masses can bring temperatures below 0\u00b0C."},"content":{"rendered":"<p><img decoding=\"async\" src=\"http:\/\/www.agrolink.com.br\/upload\/imagens-resizes\/af388a1fdb0d4f87ba2de80603abb76e_858x483.jpg\" \/><\/p>\n<div class=\"section-description section-description-noticias mt-3\">\n<p style=\"text-align:justify\">Uma forte massa de ar polar deve avan\u00e7ar pelo Brasil a partir de sexta-feira (4), provocando uma nova friagem na Regi\u00e3o Norte e uma queda expressiva das temperaturas em mais da metade do pa\u00eds. Segundo dados divulgados pelo Meteored, o fen\u00f4meno poder\u00e1 levar as m\u00ednimas para abaixo de 0\u00b0C e favorecer a ocorr\u00eancia de geadas fortes e generalizadas na Regi\u00e3o Sul.\n<\/p>\n<div id=\"agk_14000_pos_3_sidebar_mobile\" style=\"text-align: center;\" class=\"mb-4\">\n<\/div>\n<div id=\"agk_14000_pos_4_conteudo_desktop\" style=\"text-align: center;\" class=\"d-none d-lg-block mb-md-4\">\n<\/div>\n<p style=\"text-align:justify\">Uma massa de ar frio j\u00e1 provoca queda nas temperaturas no Sul e no Sudeste no in\u00edcio desta semana. O frio, por\u00e9m, deve ganhar intensidade a partir de sexta-feira (4), quando uma massa de ar polar mais potente avan\u00e7ar\u00e1 pelo pa\u00eds e poder\u00e1 provocar temperaturas negativas e geadas generalizadas na Regi\u00e3o Sul.<\/p>\n<p style=\"text-align:justify\">Nesta ter\u00e7a-feira (1\u00ba), a passagem de uma frente fria e o avan\u00e7o de uma pequena massa de ar frio j\u00e1 provocam redu\u00e7\u00e3o significativa das temperaturas em estados como Rio Grande do Sul, Santa Catarina, Paran\u00e1, Mato Grosso do Sul e S\u00e3o Paulo.<\/p>\n<p style=\"text-align:justify\">At\u00e9 esta quarta-feira (2), o sistema tamb\u00e9m deve alcan\u00e7ar o sul de Mato Grosso e de Goi\u00e1s, al\u00e9m de parte do Rio de Janeiro e de Minas Gerais. Nesses estados, a queda das temperaturas ser\u00e1 mais leve, deixando o tempo ameno.<\/p>\n<p style=\"text-align:justify\">Durante a madrugada e a manh\u00e3 desta quarta-feira, grande parte da Regi\u00e3o Sul deve registrar temperaturas abaixo dos 10\u00b0C. Na Serra Ga\u00facha e na Serra Catarinense, os term\u00f4metros podem chegar a valores pr\u00f3ximos de 0\u00b0C, favorecendo a forma\u00e7\u00e3o de geadas pontuais em diversos munic\u00edpios.<\/p>\n<p style=\"text-align:justify\">Temperaturas abaixo dos 10\u00b0C tamb\u00e9m devem ser registradas no Sudeste entre quarta-feira (2) e quinta-feira (3). A queda deve atingir \u00e1reas de S\u00e3o Paulo, especialmente o Vale do Para\u00edba, o sul de Minas Gerais, nas proximidades da Serra da Mantiqueira, al\u00e9m do sul e da regi\u00e3o serrana do Rio de Janeiro.\n<\/p>\n<div id=\"agk_14000_pos_4_conteudo_mobile\" style=\"text-align: center;\" class=\"mb-4\">\n<\/div>\n<div id=\"agk_14000_pos_5_conteudo_desktop\" style=\"text-align: center;\" class=\"d-none d-lg-block mb-md-4\">\n<\/div>\n<p style=\"text-align:justify\">O cen\u00e1rio muda de forma mais significativa a partir de sexta-feira (4), quando uma massa de ar polar muito mais potente come\u00e7a a avan\u00e7ar pelo territ\u00f3rio brasileiro.<\/p>\n<p style=\"text-align:justify\">Ao longo da sexta-feira, o sistema j\u00e1 deve atuar sobre o Rio Grande do Sul. No s\u00e1bado (5), a massa de ar frio alcan\u00e7a Santa Catarina, Paran\u00e1 e Mato Grosso do Sul, ampliando a \u00e1rea sob influ\u00eancia do frio intenso.<\/p>\n<p style=\"text-align:justify\">O avan\u00e7o deve ser ainda mais pronunciado no domingo (6), quando a massa de ar polar poder\u00e1 atingir praticamente todo o Centro-Oeste, incluindo Mato Grosso, Goi\u00e1s e Distrito Federal, al\u00e9m de grande parte do Sudeste, como boa parte de Minas Gerais, Rio de Janeiro e o sul do Esp\u00edrito Santo.<\/p>\n<p style=\"text-align:justify\">A intensidade do frio deve aumentar ainda mais no in\u00edcio da pr\u00f3xima semana. Segundo dados divulgados pelo Meteored, as previs\u00f5es indicam que, durante a madrugada e a manh\u00e3 de segunda-feira (7) e ter\u00e7a-feira (8), a Regi\u00e3o Sul poder\u00e1 registrar geadas fortes e generalizadas.<\/p>\n<p style=\"text-align:justify\">Nas \u00e1reas serranas do Rio Grande do Sul e de Santa Catarina, as temperaturas poder\u00e3o ficar abaixo de zero. A combina\u00e7\u00e3o entre temperaturas negativas e a abrang\u00eancia do sistema coloca essas \u00e1reas entre os principais pontos de aten\u00e7\u00e3o durante a atua\u00e7\u00e3o da massa de ar polar.\n<\/p>\n<div id=\"agk_14000_pos_5_conteudo_mobile\" style=\"text-align: center;\" class=\"mb-4\">\n<\/div>\n<p style=\"text-align:justify\">O avan\u00e7o do sistema tamb\u00e9m deve provocar uma mudan\u00e7a brusca nas condi\u00e7\u00f5es do tempo em diversas regi\u00f5es brasileiras. A expectativa \u00e9 de uma queda expressiva das temperaturas em mais da metade do pa\u00eds, com possibilidade de temperaturas negativas e ocorr\u00eancia de geadas na Regi\u00e3o Sul.<\/p>\n<p style=\"text-align:justify\">De acordo com o Meteored, parte da intensidade desse fen\u00f4meno est\u00e1 relacionada \u00e0 Oscila\u00e7\u00e3o Ant\u00e1rtica, \u00edndice que mede a varia\u00e7\u00e3o natural da press\u00e3o atmosf\u00e9rica e dos ventos ao redor da Ant\u00e1rtica.<\/p>\n<p style=\"text-align:justify\">O fen\u00f4meno est\u00e1 atualmente em fase negativa, condi\u00e7\u00e3o que favorece um deslocamento mais intenso de massas de ar polar em dire\u00e7\u00e3o \u00e0 Am\u00e9rica do Sul.<\/p>\n<p style=\"text-align:justify\">Com o avan\u00e7o da massa de ar frio, a tend\u00eancia \u00e9 de que o frio se espalhe gradualmente pelo territ\u00f3rio brasileiro entre sexta-feira (4) e o in\u00edcio da pr\u00f3xima semana. O Sul deve concentrar os efeitos mais intensos, enquanto \u00e1reas do Centro-Oeste, Sudeste e Norte tamb\u00e9m sentir\u00e3o os impactos da mudan\u00e7a nas condi\u00e7\u00f5es atmosf\u00e9ricas.<\/p>\n<\/p><\/div>\n<h6><em>THE <strong>MM Cereais<\/strong> works with the best grains on the market and also keeps you up to date with the latest news and analyses on agribusiness.<br \/>\nDon&#039;t forget to follow our social networks.<\/em><\/h6>\n<p><a href=\"https:\/\/www.agrolink.com.br\/noticias\/intensa-massa-de-ar-frio-ja-tem-data-para-chegar-e-traz-marcas-abaixo-de-0-c_518446.html\" target=\"_blank\" rel=\"noopener\">Access News Source <\/a><\/p>","protected":false},"excerpt":{"rendered":"<p>Uma forte massa de ar polar deve avan\u00e7ar pelo Brasil a partir de sexta-feira (4),&hellip;<\/p>","protected":false},"author":1,"featured_media":27626,"comment_status":"","ping_status":"","sticky":false,"template":"","format":"standard","meta":{"footnotes":""},"categories":[258],"tags":[244,248,255,249,254,250,246,247,256,245,253,252,251],"class_list":["post-27625","post","type-post","status-publish","format-standard","has-post-thumbnail","hentry","category-safra","tag-agrolink","tag-agrotoxicos","tag-artigos-tecnicos","tag-classificados","tag-colunistas","tag-compra","tag-cotacoes","tag-defensivos","tag-eventos","tag-noticias","tag-precos-agricolas","tag-previsao-do-tempo","tag-venda"],"_links":{"self":[{"href":"https:\/\/mmcereais.com.br\/en\/wp-json\/wp\/v2\/posts\/27625","targetHints":{"allow":["GET"]}}],"collection":[{"href":"https:\/\/mmcereais.com.br\/en\/wp-json\/wp\/v2\/posts"}],"about":[{"href":"https:\/\/mmcereais.com.br\/en\/wp-json\/wp\/v2\/types\/post"}],"author":[{"embeddable":true,"href":"https:\/\/mmcereais.com.br\/en\/wp-json\/wp\/v2\/users\/1"}],"replies":[{"embeddable":true,"href":"https:\/\/mmcereais.com.br\/en\/wp-json\/wp\/v2\/comments?post=27625"}],"version-history":[{"count":0,"href":"https:\/\/mmcereais.com.br\/en\/wp-json\/wp\/v2\/posts\/27625\/revisions"}],"wp:featuredmedia":[{"embeddable":true,"href":"https:\/\/mmcereais.com.br\/en\/wp-json\/wp\/v2\/media\/27626"}],"wp:attachment":[{"href":"https:\/\/mmcereais.com.br\/en\/wp-json\/wp\/v2\/media?parent=27625"}],"wp:term":[{"taxonomy":"category","embeddable":true,"href":"https:\/\/mmcereais.com.br\/en\/wp-json\/wp\/v2\/categories?post=27625"},{"taxonomy":"post_tag","embeddable":true,"href":"https:\/\/mmcereais.com.br\/en\/wp-json\/wp\/v2\/tags?post=27625"}],"curies":[{"name":"wp","href":"https:\/\/api.w.org\/{rel}","templated":true}]}}