{"id":27614,"date":"2026-09-01T15:11:58","date_gmt":"2026-09-01T19:11:58","guid":{"rendered":"https:\/\/mmcereais.com.br\/2026\/centro-oeste\/oleo-de-soja-recua-417-e-farelo-sobe-em-mato-grosso\/"},"modified":"2026-09-01T15:11:58","modified_gmt":"2026-09-01T19:11:58","slug":"oleo-de-soja-recua-417-e-farelo-sobe-em-mato-grosso","status":"publish","type":"post","link":"https:\/\/mmcereais.com.br\/en\/2026\/centro-oeste\/oleo-de-soja-recua-417-e-farelo-sobe-em-mato-grosso\/","title":{"rendered":"Soybean oil falls 4.17% and soybean meal rises in Mato Grosso."},"content":{"rendered":"<p><img decoding=\"async\" src=\"http:\/\/www.agrolink.com.br\/upload\/imagens-resizes\/115415aa36664e999e8a3ea2559ebe17_858x483.jpg\" \/><\/p>\n<div class=\"section-description section-description-noticias mt-3\">\n<p style=\"text-align:justify\">Os pre\u00e7os dos coprodutos da <a href=\"https:\/\/www.agrolink.com.br\/culturas\/soja?utm_source=agrolink-detalhe-noticia&amp;utm_medium=detalhe-noticia&amp;utm_campaign=links-internos\" target=\"_blank\" rel=\"noopener\">soy<\/a> apresentaram movimentos distintos em Mato Grosso na \u00faltima semana, encerrada em 28 de agosto. Segundo an\u00e1lise do Instituto Mato-Grossense de Economia Agropecu\u00e1ria (Imea), o \u00f3leo de soja recuou 4,17% na Bolsa de Chicago, enquanto o farelo avan\u00e7ou 3,79%, em meio a incertezas sobre a demanda por biocombust\u00edveis, a oferta global de oleaginosas e o fluxo de exporta\u00e7\u00f5es pelo Mar Negro.\n<\/p>\n<div id=\"agk_14000_pos_3_sidebar_mobile\" style=\"text-align: center;\" class=\"mb-4\">\n<\/div>\n<div id=\"agk_14000_pos_4_conteudo_desktop\" style=\"text-align: center;\" class=\"d-none d-lg-block mb-md-4\">\n<\/div>\n<p style=\"text-align:justify\">Na \u00faltima semana, o \u00f3leo de soja encerrou o per\u00edodo com m\u00e9dia de \u00a2US$ 67,33 por libra-peso, queda de 4,17% no comparativo semanal. Segundo dados divulgados pelo Imea, o movimento esteve relacionado \u00e0s incertezas sobre as isen\u00e7\u00f5es concedidas a pequenas refinarias nos Estados Unidos. A possibilidade de um volume elevado de isen\u00e7\u00f5es gerou preocupa\u00e7\u00f5es quanto a uma eventual redu\u00e7\u00e3o da demanda por biocombust\u00edveis, pressionando as cota\u00e7\u00f5es do \u00f3leo de soja. Na dire\u00e7\u00e3o oposta, o farelo de soja apresentou valoriza\u00e7\u00e3o de 3,79% frente \u00e0 semana anterior.<\/p>\n<p style=\"text-align:justify\">De acordo com o Imea, a alta refletiu as incertezas relacionadas \u00e0 oferta global de oleaginosas, diante das condi\u00e7\u00f5es das lavouras norte-americanas. As perspectivas de impactos sobre o fluxo de exporta\u00e7\u00f5es pelo Mar Negro, em meio \u00e0s tens\u00f5es entre R\u00fassia e Ucr\u00e2nia, tamb\u00e9m contribu\u00edram para o cen\u00e1rio de valoriza\u00e7\u00e3o do farelo.\n<\/p>\n<div id=\"agk_14000_pos_4_conteudo_mobile\" style=\"text-align: center;\" class=\"mb-4\">\n<\/div>\n<div id=\"agk_14000_pos_5_conteudo_desktop\" style=\"text-align: center;\" class=\"d-none d-lg-block mb-md-4\">\n<\/div>\n<p style=\"text-align:justify\">Em Mato Grosso, os pre\u00e7os dos coprodutos acompanharam as oscila\u00e7\u00f5es observadas na Bolsa de Chicago. Segundo dados divulgados pelo Imea, o \u00f3leo de soja encerrou a semana cotado, em m\u00e9dia, a R$ 6.121,78 por tonelada, com recuo de 0,26% em rela\u00e7\u00e3o \u00e0 semana anterior. J\u00e1 o farelo de soja foi negociado a R$ 1.795,68 por tonelada, alta de 4,02% no comparativo semanal.<\/p>\n<p style=\"text-align:justify\">O desempenho mostra comportamentos diferentes entre os dois principais coprodutos da soja, com o \u00f3leo pressionado pelas incertezas sobre a demanda por biocombust\u00edveis e o farelo sustentado pelas preocupa\u00e7\u00f5es com a oferta global de oleaginosas e os fluxos de exporta\u00e7\u00e3o.\n<\/p>\n<div id=\"agk_14000_pos_5_conteudo_mobile\" style=\"text-align: center;\" class=\"mb-4\">\n<\/div><\/div>\n<h6><em>THE <strong>MM Cereais<\/strong> works with the best grains on the market in the Central West Region and also keeps you up to date with the latest news and analyses on agribusiness.<br \/>\nDon&#039;t forget to follow our social networks.<\/em><\/h6>\n<p><a href=\"https:\/\/www.agrolink.com.br\/noticias\/oleo-de-soja-recua-4-17--e-farelo-sobe-em-mato-grosso_518425.html\" target=\"_blank\" rel=\"noopener\">Access News Source <\/a><\/p>","protected":false},"excerpt":{"rendered":"<p>Os pre\u00e7os dos coprodutos da soja apresentaram movimentos distintos em Mato Grosso na \u00faltima semana,&hellip;<\/p>","protected":false},"author":1,"featured_media":27400,"comment_status":"","ping_status":"","sticky":false,"template":"","format":"standard","meta":{"footnotes":""},"categories":[90],"tags":[244,248,255,249,254,250,246,247,256,245,253,252,251],"class_list":["post-27614","post","type-post","status-publish","format-standard","has-post-thumbnail","hentry","category-centro-oeste","tag-agrolink","tag-agrotoxicos","tag-artigos-tecnicos","tag-classificados","tag-colunistas","tag-compra","tag-cotacoes","tag-defensivos","tag-eventos","tag-noticias","tag-precos-agricolas","tag-previsao-do-tempo","tag-venda"],"_links":{"self":[{"href":"https:\/\/mmcereais.com.br\/en\/wp-json\/wp\/v2\/posts\/27614","targetHints":{"allow":["GET"]}}],"collection":[{"href":"https:\/\/mmcereais.com.br\/en\/wp-json\/wp\/v2\/posts"}],"about":[{"href":"https:\/\/mmcereais.com.br\/en\/wp-json\/wp\/v2\/types\/post"}],"author":[{"embeddable":true,"href":"https:\/\/mmcereais.com.br\/en\/wp-json\/wp\/v2\/users\/1"}],"replies":[{"embeddable":true,"href":"https:\/\/mmcereais.com.br\/en\/wp-json\/wp\/v2\/comments?post=27614"}],"version-history":[{"count":0,"href":"https:\/\/mmcereais.com.br\/en\/wp-json\/wp\/v2\/posts\/27614\/revisions"}],"wp:featuredmedia":[{"embeddable":true,"href":"https:\/\/mmcereais.com.br\/en\/wp-json\/wp\/v2\/media\/27400"}],"wp:attachment":[{"href":"https:\/\/mmcereais.com.br\/en\/wp-json\/wp\/v2\/media?parent=27614"}],"wp:term":[{"taxonomy":"category","embeddable":true,"href":"https:\/\/mmcereais.com.br\/en\/wp-json\/wp\/v2\/categories?post=27614"},{"taxonomy":"post_tag","embeddable":true,"href":"https:\/\/mmcereais.com.br\/en\/wp-json\/wp\/v2\/tags?post=27614"}],"curies":[{"name":"wp","href":"https:\/\/api.w.org\/{rel}","templated":true}]}}