{"id":27612,"date":"2026-09-01T15:06:01","date_gmt":"2026-09-01T19:06:01","guid":{"rendered":"https:\/\/mmcereais.com.br\/2026\/safra\/ciclone-causa-chuvas-e-ventos-fortes-no-sul-e-sudeste\/"},"modified":"2026-09-01T15:06:01","modified_gmt":"2026-09-01T19:06:01","slug":"ciclone-causa-chuvas-e-ventos-fortes-no-sul-e-sudeste","status":"publish","type":"post","link":"https:\/\/mmcereais.com.br\/en\/2026\/safra\/ciclone-causa-chuvas-e-ventos-fortes-no-sul-e-sudeste\/","title":{"rendered":"Cyclone causes heavy rain and strong winds in the South and Southeast."},"content":{"rendered":"<p><img decoding=\"async\" src=\"http:\/\/www.agrolink.com.br\/upload\/imagens-resizes\/cbde68d70b50459d9ee235ca660bb6c4_858x483.jpg\" \/><\/p>\n<div class=\"section-description section-description-noticias mt-3\">\n<p style=\"text-align:justify\">Um novo ciclone extratropical come\u00e7a a se formar sobre o Sul do Brasil nesta segunda-feira (31), com potencial para provocar chuva intensa, temporais, rajadas de vento e eventual queda de granizo. A frente fria associada ao sistema deve avan\u00e7ar pelo Sudeste e Nordeste entre ter\u00e7a (1\u00ba) e quinta-feira (3), aumentando a instabilidade em diferentes \u00e1reas do pa\u00eds.\n<\/p>\n<div id=\"agk_14000_pos_3_sidebar_mobile\" style=\"text-align: center;\" class=\"mb-4\">\n<\/div>\n<div id=\"agk_14000_pos_4_conteudo_desktop\" style=\"text-align: center;\" class=\"d-none d-lg-block mb-md-4\">\n<\/div>\n<p style=\"text-align:justify\">Ao longo desta segunda-feira (31 de agosto), a forma\u00e7\u00e3o do ciclone extratropical, associada ao aporte de um rio atmosf\u00e9rico, eleva as condi\u00e7\u00f5es para chuva intensa, temporais com muitos raios, rajadas de vento e eventual queda de granizo no norte do Rio Grande do Sul, em Santa Catarina e no Paran\u00e1.<\/p>\n<p style=\"text-align:justify\">O sistema tamb\u00e9m pode provocar pancadas de chuva isoladas e passageiras em \u00e1reas do leste e do Vale do Para\u00edba, em S\u00e3o Paulo, no extremo sul de Minas Gerais e no sul do Rio de Janeiro. A frente fria associada ao ciclone deve avan\u00e7ar para outras regi\u00f5es do pa\u00eds ao longo da semana, levando instabilidade para \u00e1reas do Sudeste e do Nordeste.<\/p>\n<p style=\"text-align:justify\">Na madrugada de ter\u00e7a-feira (1\u00ba), ainda haver\u00e1 risco de chuva moderada a intensa acompanhada de temporais no norte do Paran\u00e1, principalmente em \u00e1reas de divisa com S\u00e3o Paulo, al\u00e9m do sul paulista.<\/p>\n<p style=\"text-align:justify\">Durante a manh\u00e3, as chuvas devem avan\u00e7ar por todo o estado de S\u00e3o Paulo. H\u00e1 risco de temporais, queda pontual de granizo e vendavais entre 50 e 70 km\/h, especialmente no leste paulista.<\/p>\n<p style=\"text-align:justify\">No per\u00edodo da tarde e \u00e0 noite, o risco de pancadas fortes, temporais e queda de granizo permanece em todo o estado de S\u00e3o Paulo, no centro-sul de Minas Gerais e no Rio de Janeiro. Rajadas pr\u00f3ximas de 50 km\/h ainda podem ocorrer no Vale do Para\u00edba paulista. Em Minas Gerais, os vendavais passam a ganhar for\u00e7a, com rajadas em torno de 70 km\/h no centro-sul do estado. Na capital paulista, a previs\u00e3o indica tempo nublado, com chuva fraca a moderada ao longo do dia e possibilidade de trovoadas pela manh\u00e3.\n<\/p>\n<div id=\"agk_14000_pos_4_conteudo_mobile\" style=\"text-align: center;\" class=\"mb-4\">\n<\/div>\n<div id=\"agk_14000_pos_5_conteudo_desktop\" style=\"text-align: center;\" class=\"d-none d-lg-block mb-md-4\">\n<\/div>\n<p style=\"text-align:justify\">No Rio de Janeiro, s\u00e3o esperadas pancadas de chuva e temporais entre o fim da tarde e a noite, com c\u00e9u parcialmente nublado a nublado. Com o avan\u00e7o da frente fria para o norte, as instabilidades devem diminuir em S\u00e3o Paulo. Ainda assim, chuviscos podem ocorrer nas \u00e1reas litor\u00e2neas durante a manh\u00e3 e a tarde devido \u00e0 circula\u00e7\u00e3o associada ao sistema.<\/p>\n<p style=\"text-align:justify\">Em Minas Gerais, a manh\u00e3 deve ter chuva fraca a moderada em \u00e1reas do Centro, Rio Doce e Zona da Mata, enquanto o Rio de Janeiro e o centro-sul do Esp\u00edrito Santo tamb\u00e9m podem registrar precipita\u00e7\u00f5es.<\/p>\n<p style=\"text-align:justify\">Nessas \u00e1reas, a previs\u00e3o n\u00e3o indica risco de temporais ou outras condi\u00e7\u00f5es adversas durante a manh\u00e3. \u00c0 tarde, as instabilidades devem perder for\u00e7a no Rio de Janeiro, com possibilidade de chuviscos isolados.<\/p>\n<p style=\"text-align:justify\">Por outro lado, o centro-norte de Minas Gerais e o Esp\u00edrito Santo podem registrar pancadas de chuva moderadas a pontualmente intensas, acompanhadas de temporais isolados entre a tarde e a noite.<\/p>\n<p style=\"text-align:justify\">Durante a noite, o sistema frontal tamb\u00e9m deve provocar pancadas de chuva no extremo sul da Bahia. Na capital fluminense, s\u00e3o esperados chuviscos e c\u00e9u parcialmente nublado pela manh\u00e3. Em Belo Horizonte, a previs\u00e3o indica chuva fraca com trovoadas durante a manh\u00e3. Em Vit\u00f3ria, as chuvas devem variar de fracas a moderadas entre a manh\u00e3 e o in\u00edcio da tarde.<\/p>\n<p style=\"text-align:justify\">Na sequ\u00eancia do avan\u00e7o pelo Sudeste, a frente fria passa a atuar sobre a Bahia e aumenta as condi\u00e7\u00f5es para pancadas de chuva moderadas a pontualmente intensas e temporais bem isolados na faixa leste do estado.<\/p>\n<p style=\"text-align:justify\">Tamb\u00e9m podem ocorrer pancadas pontuais no interior, especialmente na regi\u00e3o central, durante a tarde. A previs\u00e3o, por\u00e9m, n\u00e3o indica risco de transtornos nessas \u00e1reas. \u00c0 noite, as instabilidades devem cessar em todo o territ\u00f3rio baiano.<\/p>\n<p style=\"text-align:justify\">Em Salvador, s\u00e3o esperadas chuvas fracas e c\u00e9u parcialmente nublado entre a manh\u00e3 e a tarde.<\/p>\n<p style=\"text-align:justify\">Rajadas de vento moderadas, entre 50 e 60 km\/h, tamb\u00e9m podem ocorrer em pontos do interior e em \u00e1reas costeiras, principalmente no litoral sul. Rajadas de vento moderadas entre 50 e 60 km\/h tamb\u00e9m s\u00e3o esperadas em pontos do interior do estado e em zonas costeiras, especialmente no litoral sul.\n<\/p>\n<div id=\"agk_14000_pos_5_conteudo_mobile\" style=\"text-align: center;\" class=\"mb-4\">\n<\/div><\/div>\n<h6><em>THE <strong>MM Cereais<\/strong> works with the best grains on the market and also keeps you up to date with the latest news and analyses on agribusiness.<br \/>\nDon&#039;t forget to follow our social networks.<\/em><\/h6>\n<p><a href=\"https:\/\/www.agrolink.com.br\/noticias\/ciclone-impulsiona-frente-fria--alerta-de-chuvas-intensas--vendavais-e-temporais-nas-proximas-horas_518415.html\" target=\"_blank\" rel=\"noopener\">Access News Source <\/a><\/p>","protected":false},"excerpt":{"rendered":"<p>Um novo ciclone extratropical come\u00e7a a se formar sobre o Sul do Brasil nesta segunda-feira&hellip;<\/p>","protected":false},"author":1,"featured_media":27613,"comment_status":"","ping_status":"","sticky":false,"template":"","format":"standard","meta":{"footnotes":""},"categories":[258],"tags":[244,248,255,249,254,250,246,247,256,245,253,252,251],"class_list":["post-27612","post","type-post","status-publish","format-standard","has-post-thumbnail","hentry","category-safra","tag-agrolink","tag-agrotoxicos","tag-artigos-tecnicos","tag-classificados","tag-colunistas","tag-compra","tag-cotacoes","tag-defensivos","tag-eventos","tag-noticias","tag-precos-agricolas","tag-previsao-do-tempo","tag-venda"],"_links":{"self":[{"href":"https:\/\/mmcereais.com.br\/en\/wp-json\/wp\/v2\/posts\/27612","targetHints":{"allow":["GET"]}}],"collection":[{"href":"https:\/\/mmcereais.com.br\/en\/wp-json\/wp\/v2\/posts"}],"about":[{"href":"https:\/\/mmcereais.com.br\/en\/wp-json\/wp\/v2\/types\/post"}],"author":[{"embeddable":true,"href":"https:\/\/mmcereais.com.br\/en\/wp-json\/wp\/v2\/users\/1"}],"replies":[{"embeddable":true,"href":"https:\/\/mmcereais.com.br\/en\/wp-json\/wp\/v2\/comments?post=27612"}],"version-history":[{"count":0,"href":"https:\/\/mmcereais.com.br\/en\/wp-json\/wp\/v2\/posts\/27612\/revisions"}],"wp:featuredmedia":[{"embeddable":true,"href":"https:\/\/mmcereais.com.br\/en\/wp-json\/wp\/v2\/media\/27613"}],"wp:attachment":[{"href":"https:\/\/mmcereais.com.br\/en\/wp-json\/wp\/v2\/media?parent=27612"}],"wp:term":[{"taxonomy":"category","embeddable":true,"href":"https:\/\/mmcereais.com.br\/en\/wp-json\/wp\/v2\/categories?post=27612"},{"taxonomy":"post_tag","embeddable":true,"href":"https:\/\/mmcereais.com.br\/en\/wp-json\/wp\/v2\/tags?post=27612"}],"curies":[{"name":"wp","href":"https:\/\/api.w.org\/{rel}","templated":true}]}}