{"id":27610,"date":"2026-09-01T14:52:58","date_gmt":"2026-09-01T18:52:58","guid":{"rendered":"https:\/\/mmcereais.com.br\/2026\/milho\/mt-exportacoes-de-milho-devem-cair-2739-entenda\/"},"modified":"2026-09-01T14:52:58","modified_gmt":"2026-09-01T18:52:58","slug":"mt-exportacoes-de-milho-devem-cair-2739-entenda","status":"publish","type":"post","link":"https:\/\/mmcereais.com.br\/en\/2026\/milho\/mt-exportacoes-de-milho-devem-cair-2739-entenda\/","title":{"rendered":"MT: Corn exports expected to fall 27,39%; understand why."},"content":{"rendered":"<p><img decoding=\"async\" src=\"http:\/\/www.agrolink.com.br\/upload\/imagens-resizes\/ed71a46812774268902c5a2f067d8735_858x483.jpg\" \/><\/p>\n<div class=\"section-description section-description-noticias mt-3\">\n<p style=\"text-align:justify\">A demanda de <a href=\"https:\/\/www.agrolink.com.br\/culturas\/milho?utm_source=agrolink-detalhe-noticia&amp;utm_medium=detalhe-noticia&amp;utm_campaign=links-internos%09\" target=\"_blank\" rel=\"noopener\">corn<\/a> em Mato Grosso deve somar 54,04 milh\u00f5es de toneladas (mi de t) na safra 2026\/27, queda de 7,41% em rela\u00e7\u00e3o \u00e0 temporada anterior, segundo dados divulgados pelo Instituto Mato-Grossense de Economia Agropecu\u00e1ria (Imea). O mercado interno ganha espa\u00e7o, enquanto as exporta\u00e7\u00f5es devem recuar diante do maior direcionamento do cereal para o consumo dom\u00e9stico.\n<\/p>\n<div id=\"agk_14000_pos_3_sidebar_mobile\" style=\"text-align: center;\" class=\"mb-4\">\n<\/div>\n<div id=\"agk_14000_pos_4_conteudo_desktop\" style=\"text-align: center;\" class=\"d-none d-lg-block mb-md-4\">\n<\/div>\n<p style=\"text-align:justify\">O consumo interno est\u00e1 projetado em 27,04 mi de t, avan\u00e7o de 16,23% ante 2025\/26. Segundo dados divulgados pelo Imea, o aumento \u00e9 impulsionado principalmente pela abertura de novas usinas de etanol de milho e pela amplia\u00e7\u00e3o da capacidade de unidades que j\u00e1 est\u00e3o em opera\u00e7\u00e3o.\n<\/p>\n<div id=\"agk_14000_pos_4_conteudo_mobile\" style=\"text-align: center;\" class=\"mb-4\">\n<\/div>\n<div id=\"agk_14000_pos_5_conteudo_desktop\" style=\"text-align: center;\" class=\"d-none d-lg-block mb-md-4\">\n<\/div>\n<p style=\"text-align:justify\">Em sentido contr\u00e1rio, as exporta\u00e7\u00f5es devem alcan\u00e7ar 17,50 mi de t, redu\u00e7\u00e3o de 27,39% em rela\u00e7\u00e3o \u00e0 safra 2025\/26. O recuo reflete o maior direcionamento da produ\u00e7\u00e3o ao mercado dom\u00e9stico e a consequente redu\u00e7\u00e3o do excedente dispon\u00edvel para embarques.<\/p>\n<p style=\"text-align:justify\">O consumo interestadual tamb\u00e9m permanece relevante na composi\u00e7\u00e3o da demanda de milho de Mato Grosso. No entanto, sua participa\u00e7\u00e3o deve ser menor que na temporada anterior, diante da maior atratividade do cereal no pr\u00f3prio mercado mato-grossense.<\/p>\n<p style=\"text-align:justify\">Com o avan\u00e7o do consumo interno, o mercado dom\u00e9stico ganha import\u00e2ncia na absor\u00e7\u00e3o da produ\u00e7\u00e3o estadual. Segundo dados divulgados pelo Imea, esse cen\u00e1rio tamb\u00e9m contribui para uma proje\u00e7\u00e3o de 0,29 mi de t em estoques finais, queda de 55,77% ante 2025\/26.\n<\/p>\n<div id=\"agk_14000_pos_5_conteudo_mobile\" style=\"text-align: center;\" class=\"mb-4\">\n<\/div>\n<p style=\"text-align:justify\">Assim, a safra 2026\/27 deve apresentar uma mudan\u00e7a na din\u00e2mica de demanda do milho em Mato Grosso, com maior participa\u00e7\u00e3o do consumo interno e menor disponibilidade para exporta\u00e7\u00e3o.<\/p>\n<\/p><\/div>\n<h6><em>THE <strong>MM Cereais<\/strong> works with the best grains on the market and also keeps you up to date with the latest news and analyses on agribusiness.<br \/>\nDon&#039;t forget to follow our social networks.<\/em><\/h6>\n<p><a href=\"https:\/\/www.agrolink.com.br\/noticias\/mt--exportacoes-de-milho-devem-cair-27-39---entenda_518426.html\" target=\"_blank\" rel=\"noopener\">Access News Source <\/a><\/p>","protected":false},"excerpt":{"rendered":"<p>A demanda de milho em Mato Grosso deve somar 54,04 milh\u00f5es de toneladas (mi de&hellip;<\/p>","protected":false},"author":1,"featured_media":27611,"comment_status":"","ping_status":"","sticky":false,"template":"","format":"standard","meta":{"footnotes":""},"categories":[223],"tags":[244,248,255,249,254,250,246,247,256,245,253,252,251],"class_list":["post-27610","post","type-post","status-publish","format-standard","has-post-thumbnail","hentry","category-milho","tag-agrolink","tag-agrotoxicos","tag-artigos-tecnicos","tag-classificados","tag-colunistas","tag-compra","tag-cotacoes","tag-defensivos","tag-eventos","tag-noticias","tag-precos-agricolas","tag-previsao-do-tempo","tag-venda"],"_links":{"self":[{"href":"https:\/\/mmcereais.com.br\/en\/wp-json\/wp\/v2\/posts\/27610","targetHints":{"allow":["GET"]}}],"collection":[{"href":"https:\/\/mmcereais.com.br\/en\/wp-json\/wp\/v2\/posts"}],"about":[{"href":"https:\/\/mmcereais.com.br\/en\/wp-json\/wp\/v2\/types\/post"}],"author":[{"embeddable":true,"href":"https:\/\/mmcereais.com.br\/en\/wp-json\/wp\/v2\/users\/1"}],"replies":[{"embeddable":true,"href":"https:\/\/mmcereais.com.br\/en\/wp-json\/wp\/v2\/comments?post=27610"}],"version-history":[{"count":0,"href":"https:\/\/mmcereais.com.br\/en\/wp-json\/wp\/v2\/posts\/27610\/revisions"}],"wp:featuredmedia":[{"embeddable":true,"href":"https:\/\/mmcereais.com.br\/en\/wp-json\/wp\/v2\/media\/27611"}],"wp:attachment":[{"href":"https:\/\/mmcereais.com.br\/en\/wp-json\/wp\/v2\/media?parent=27610"}],"wp:term":[{"taxonomy":"category","embeddable":true,"href":"https:\/\/mmcereais.com.br\/en\/wp-json\/wp\/v2\/categories?post=27610"},{"taxonomy":"post_tag","embeddable":true,"href":"https:\/\/mmcereais.com.br\/en\/wp-json\/wp\/v2\/tags?post=27610"}],"curies":[{"name":"wp","href":"https:\/\/api.w.org\/{rel}","templated":true}]}}