{"id":27595,"date":"2026-08-31T17:51:17","date_gmt":"2026-08-31T21:51:17","guid":{"rendered":"https:\/\/mmcereais.com.br\/2026\/soja\/safra-de-soja-cresce-sem-avanco-de-area-aponta-analise\/"},"modified":"2026-08-31T17:51:17","modified_gmt":"2026-08-31T21:51:17","slug":"safra-de-soja-cresce-sem-avanco-de-area-aponta-analise","status":"publish","type":"post","link":"https:\/\/mmcereais.com.br\/en\/2026\/soja\/safra-de-soja-cresce-sem-avanco-de-area-aponta-analise\/","title":{"rendered":"Soybean harvest grows without expansion of planted area, analysis shows."},"content":{"rendered":"<p><img decoding=\"async\" src=\"http:\/\/www.agrolink.com.br\/upload\/imagens-resizes\/66fb4dafeca34508b254c585ff619e7f_858x483.jpg\" \/><\/p>\n<div class=\"section-description section-description-noticias mt-3\">\n<p>The Brazilian harvest of <a href=\"https:\/\/www.agrolink.com.br\/culturas\/soja?utm_source=agrolink-detalhe-noticia&amp;utm_medium=detalhe-noticia&amp;utm_campaign=links-internos\" target=\"_blank\" rel=\"noopener\">soy<\/a> 2026\/27 come\u00e7a a ser projetada com novo recorde, mas sob maior aten\u00e7\u00e3o ao clima e sem avan\u00e7o de \u00e1rea. A estimativa inicial considera que o crescimento da produ\u00e7\u00e3o depender\u00e1 da produtividade, em um cen\u00e1rio de El Ni\u00f1o forte e de riscos distintos entre as regi\u00f5es produtoras.\n<\/p>\n<div id=\"agk_14000_pos_3_sidebar_mobile\" style=\"text-align: center;\" class=\"mb-4\">\n<\/div>\n<div id=\"agk_14000_pos_4_conteudo_desktop\" style=\"text-align: center;\" class=\"d-none d-lg-block mb-md-4\">\n<\/div>\n<p>A AgResource Brasil estima 184,1 milh\u00f5es de toneladas, 3,6 milh\u00f5es acima das 180,5 milh\u00f5es de 2025\/26 e 1,9 milh\u00e3o abaixo das 186 milh\u00f5es projetadas pelo USDA. O c\u00e1lculo mant\u00e9m a \u00e1rea est\u00e1vel e incorpora desconto clim\u00e1tico de 4,9 milh\u00f5es de toneladas ligado ao El Ni\u00f1o.<\/p>\n<p>O impacto projetado n\u00e3o \u00e9 uniforme. O MATOPIBA concentra redu\u00e7\u00e3o de cerca de 3,9 milh\u00f5es de toneladas, Mato Grosso responde por 2,7 milh\u00f5es e Goi\u00e1s por 1 milh\u00e3o. Parte das perdas seria compensada por ganho de aproximadamente 2,5 milh\u00f5es no Rio Grande do Sul, Paran\u00e1 e Santa Catarina.\n<\/p>\n<div id=\"agk_14000_pos_4_conteudo_mobile\" style=\"text-align: center;\" class=\"mb-4\">\n<\/div>\n<div id=\"agk_14000_pos_5_conteudo_desktop\" style=\"text-align: center;\" class=\"d-none d-lg-block mb-md-4\">\n<\/div>\n<p>O hist\u00f3rico mostra que, em sete safras com ONI de ver\u00e3o igual ou superior a 1,0 \u00b0C, a chuva entre outubro e dezembro ficou 28,2% abaixo da m\u00e9dia no MATOPIBA e 7,5% abaixo no Centro-Oeste, enquanto o Sul recebeu 50,7% mais precipita\u00e7\u00e3o. Em Mato Grosso, o padr\u00e3o aponta maior risco de atraso no plantio, com efeito potencial sobre a janela do milho de segunda safra.<\/p>\n<p>A consultoria ressalta que a chuva no per\u00edodo de plantio n\u00e3o explica, historicamente, a produtividade final da soja ou do milho safrinha. Em testes de estresse, a repeti\u00e7\u00e3o de 2023\/24 levaria a produ\u00e7\u00e3o a 179,8 milh\u00f5es de toneladas, enquanto o padr\u00e3o de 2015\/16 reduziria o volume a 173,8 milh\u00f5es. Os n\u00fameros n\u00e3o s\u00e3o tratados como cen\u00e1rios prov\u00e1veis.\n<\/p>\n<div id=\"agk_14000_pos_5_conteudo_mobile\" style=\"text-align: center;\" class=\"mb-4\">\n<\/div>\n<p>A proje\u00e7\u00e3o ser\u00e1 revisada conforme as chuvas, sobretudo entre janeiro e mar\u00e7o. O estudo indica efeito nacional estatisticamente nulo do El Ni\u00f1o, mas diferen\u00e7as regionais relevantes para risco, cr\u00e9dito e planejamento agr\u00edcola.<\/p>\n<p>\u00a0<\/p>\n<\/p><\/div>\n<h6><em>THE <strong>MM Cereais<\/strong> works with the best grains on the market and also keeps you up to date with the latest news and analyses on agribusiness.<br \/>\nDon&#039;t forget to follow our social networks.<\/em><\/h6>\n<p><a href=\"https:\/\/www.agrolink.com.br\/noticias\/safra-de-soja-cresce-sem-avanco-de-area--aponta-analise_518386.html\" target=\"_blank\" rel=\"noopener\">Access News Source <\/a><\/p>","protected":false},"excerpt":{"rendered":"<p>A safra brasileira de soja 2026\/27 come\u00e7a a ser projetada com novo recorde, mas sob&hellip;<\/p>","protected":false},"author":1,"featured_media":27404,"comment_status":"","ping_status":"","sticky":false,"template":"","format":"standard","meta":{"footnotes":""},"categories":[259],"tags":[244,248,255,249,254,250,246,247,256,245,253,252,251],"class_list":["post-27595","post","type-post","status-publish","format-standard","has-post-thumbnail","hentry","category-soja","tag-agrolink","tag-agrotoxicos","tag-artigos-tecnicos","tag-classificados","tag-colunistas","tag-compra","tag-cotacoes","tag-defensivos","tag-eventos","tag-noticias","tag-precos-agricolas","tag-previsao-do-tempo","tag-venda"],"_links":{"self":[{"href":"https:\/\/mmcereais.com.br\/en\/wp-json\/wp\/v2\/posts\/27595","targetHints":{"allow":["GET"]}}],"collection":[{"href":"https:\/\/mmcereais.com.br\/en\/wp-json\/wp\/v2\/posts"}],"about":[{"href":"https:\/\/mmcereais.com.br\/en\/wp-json\/wp\/v2\/types\/post"}],"author":[{"embeddable":true,"href":"https:\/\/mmcereais.com.br\/en\/wp-json\/wp\/v2\/users\/1"}],"replies":[{"embeddable":true,"href":"https:\/\/mmcereais.com.br\/en\/wp-json\/wp\/v2\/comments?post=27595"}],"version-history":[{"count":0,"href":"https:\/\/mmcereais.com.br\/en\/wp-json\/wp\/v2\/posts\/27595\/revisions"}],"wp:featuredmedia":[{"embeddable":true,"href":"https:\/\/mmcereais.com.br\/en\/wp-json\/wp\/v2\/media\/27404"}],"wp:attachment":[{"href":"https:\/\/mmcereais.com.br\/en\/wp-json\/wp\/v2\/media?parent=27595"}],"wp:term":[{"taxonomy":"category","embeddable":true,"href":"https:\/\/mmcereais.com.br\/en\/wp-json\/wp\/v2\/categories?post=27595"},{"taxonomy":"post_tag","embeddable":true,"href":"https:\/\/mmcereais.com.br\/en\/wp-json\/wp\/v2\/tags?post=27595"}],"curies":[{"name":"wp","href":"https:\/\/api.w.org\/{rel}","templated":true}]}}