{"id":27591,"date":"2026-08-31T15:40:00","date_gmt":"2026-08-31T19:40:00","guid":{"rendered":"https:\/\/mmcereais.com.br\/2026\/arroz\/rio-grande-do-sul-preve-queda-de-34-na-area-de-arroz-irrigado\/"},"modified":"2026-08-31T15:40:00","modified_gmt":"2026-08-31T19:40:00","slug":"rio-grande-do-sul-preve-queda-de-34-na-area-de-arroz-irrigado","status":"publish","type":"post","link":"https:\/\/mmcereais.com.br\/en\/2026\/arroz\/rio-grande-do-sul-preve-queda-de-34-na-area-de-arroz-irrigado\/","title":{"rendered":"Rio Grande do Sul forecasts a 3.4% drop in irrigated rice acreage."},"content":{"rendered":"<p><img decoding=\"async\" src=\"http:\/\/www.agrolink.com.br\/upload\/imagens-resizes\/5f6e8fb8ad14406789c012a4d2bd578a_858x483.jpg\" \/><\/p>\n<div class=\"section-description section-description-noticias mt-3\">\n<p style=\"text-align:justify\">A \u00e1rea de <a href=\"https:\/\/www.agrolink.com.br\/culturas\/arroz\/?utm_source=agrolink-detalhe-noticia&amp;utm_medium=detalhe-noticia&amp;utm_campaign=links-internos\" target=\"_blank\" rel=\"noopener\">rice<\/a> irrigado projetada para o Rio Grande do Sul na safra 2026\/2027 \u00e9 de 861.778,88 hectares. Segundo dados divulgados pelo Instituto Rio Grandense do Arroz (Irga), a inten\u00e7\u00e3o de semeadura foi apresentada nesta segunda-feira (31\/8), Dia do Arroz, durante a 49\u00aa Expointer 2026, em Esteio (RS). O levantamento tamb\u00e9m aponta a inten\u00e7\u00e3o de semeadura de 431.013,93 hectares de <a href=\"https:\/\/www.agrolink.com.br\/culturas\/soja?utm_source=agrolink-detalhe-noticia&amp;utm_medium=detalhe-noticia&amp;utm_campaign=links-internos\" target=\"_blank\" rel=\"noopener\">soy<\/a> em terras baixas, refor\u00e7ando a ado\u00e7\u00e3o da rota\u00e7\u00e3o de culturas nas \u00e1reas tradicionalmente destinadas ao arroz irrigado.\n<\/p>\n<div id=\"agk_14000_pos_3_sidebar_mobile\" style=\"text-align: center;\" class=\"mb-4\">\n<\/div>\n<div id=\"agk_14000_pos_4_conteudo_desktop\" style=\"text-align: center;\" class=\"d-none d-lg-block mb-md-4\">\n<\/div>\n<p style=\"text-align:justify\">Na safra 2025\/2026, a \u00e1rea plantada com arroz irrigado no Rio Grande do Sul chegou a 891.908,5 hectares. Segundo dados divulgados pelo Irga, a proje\u00e7\u00e3o para o novo ciclo representa uma redu\u00e7\u00e3o de 3,4%. A inten\u00e7\u00e3o de semeadura da soja em terras baixas tamb\u00e9m apresenta queda. De acordo com o levantamento divulgado pelo Irga, a \u00e1rea projetada \u00e9 1,3% menor que a registrada na safra anterior. Apesar da redu\u00e7\u00e3o, a soja mant\u00e9m presen\u00e7a significativa nas \u00e1reas tradicionais de arroz irrigado e integra o planejamento produtivo das propriedades ga\u00fachas.<\/p>\n<p style=\"text-align:justify\">O levantamento apresentado pelo Irga evidencia a consolida\u00e7\u00e3o da soja em terras baixas como componente do sistema produtivo. A rota\u00e7\u00e3o com o arroz irrigado est\u00e1 associada a melhorias na estrutura do solo, fixa\u00e7\u00e3o biol\u00f3gica de nitrog\u00eanio e suporte ao manejo fitossanit\u00e1rio.\n<\/p>\n<div id=\"agk_14000_pos_4_conteudo_mobile\" style=\"text-align: center;\" class=\"mb-4\">\n<\/div>\n<div id=\"agk_14000_pos_5_conteudo_desktop\" style=\"text-align: center;\" class=\"d-none d-lg-block mb-md-4\">\n<\/div>\n<p style=\"text-align:justify\">Segundo dados divulgados pelo Irga, os mais de 430 mil hectares projetados para a soja demonstram a dimens\u00e3o da ado\u00e7\u00e3o dessa estrat\u00e9gia pelos produtores ga\u00fachos. A integra\u00e7\u00e3o entre as duas culturas tamb\u00e9m reflete a busca por maior efici\u00eancia no uso das \u00e1reas de v\u00e1rzea, combinando produtividade, rentabilidade e manejo sustent\u00e1vel.<\/p>\n<p style=\"text-align:justify\">A inten\u00e7\u00e3o de semeadura para a safra 2026\/2027 foi calculada a partir de uma rede de coleta distribu\u00edda pelos escrit\u00f3rios regionais do Irga. Segundo dados divulgados pelo instituto, cada munic\u00edpio pesquisado apresenta, no m\u00ednimo, 65% de amostragem da \u00e1rea cultivada, garantindo representatividade aos resultados. Durante o acompanhamento da implanta\u00e7\u00e3o da safra, os escrit\u00f3rios ampliam a cobertura da coleta. A amostragem passa a superar 80% da \u00e1rea efetivamente semeada.\n<\/p>\n<div id=\"agk_14000_pos_5_conteudo_mobile\" style=\"text-align: center;\" class=\"mb-4\">\n<\/div>\n<p style=\"text-align:justify\">Durante a programa\u00e7\u00e3o da Expointer 2026, o Irga tamb\u00e9m lan\u00e7ou o Dia de Campo Estadual 2027. O evento est\u00e1 marcado para 28 de janeiro de 2027, na Esta\u00e7\u00e3o Experimental do Irga, em Cachoeirinha, no Rio Grande do Sul. A divulga\u00e7\u00e3o da inten\u00e7\u00e3o de semeadura marca o in\u00edcio do novo ciclo produtivo do arroz irrigado no Estado e apresenta tamb\u00e9m o avan\u00e7o da integra\u00e7\u00e3o com a soja em terras baixas.<\/p>\n<\/p><\/div>\n<h6><em>THE <strong>MM Cereais<\/strong> It works with the best rice grains on the market and also keeps you up-to-date on the latest news and analysis about agribusiness.<br \/>\nDon&#039;t forget to follow our social networks.<\/em><\/h6>\n<p><a href=\"https:\/\/www.agrolink.com.br\/noticias\/rio-grande-do-sul-preve-queda-de-3-4--na-area-de-arroz-irrigado_518377.html\" target=\"_blank\" rel=\"noopener\">Access News Source <\/a><\/p>","protected":false},"excerpt":{"rendered":"<p>A \u00e1rea de arroz irrigado projetada para o Rio Grande do Sul na safra 2026\/2027&hellip;<\/p>","protected":false},"author":1,"featured_media":27592,"comment_status":"","ping_status":"","sticky":false,"template":"","format":"standard","meta":{"footnotes":""},"categories":[204],"tags":[244,248,255,249,254,250,246,247,256,245,253,252,251],"class_list":["post-27591","post","type-post","status-publish","format-standard","has-post-thumbnail","hentry","category-arroz","tag-agrolink","tag-agrotoxicos","tag-artigos-tecnicos","tag-classificados","tag-colunistas","tag-compra","tag-cotacoes","tag-defensivos","tag-eventos","tag-noticias","tag-precos-agricolas","tag-previsao-do-tempo","tag-venda"],"_links":{"self":[{"href":"https:\/\/mmcereais.com.br\/en\/wp-json\/wp\/v2\/posts\/27591","targetHints":{"allow":["GET"]}}],"collection":[{"href":"https:\/\/mmcereais.com.br\/en\/wp-json\/wp\/v2\/posts"}],"about":[{"href":"https:\/\/mmcereais.com.br\/en\/wp-json\/wp\/v2\/types\/post"}],"author":[{"embeddable":true,"href":"https:\/\/mmcereais.com.br\/en\/wp-json\/wp\/v2\/users\/1"}],"replies":[{"embeddable":true,"href":"https:\/\/mmcereais.com.br\/en\/wp-json\/wp\/v2\/comments?post=27591"}],"version-history":[{"count":0,"href":"https:\/\/mmcereais.com.br\/en\/wp-json\/wp\/v2\/posts\/27591\/revisions"}],"wp:featuredmedia":[{"embeddable":true,"href":"https:\/\/mmcereais.com.br\/en\/wp-json\/wp\/v2\/media\/27592"}],"wp:attachment":[{"href":"https:\/\/mmcereais.com.br\/en\/wp-json\/wp\/v2\/media?parent=27591"}],"wp:term":[{"taxonomy":"category","embeddable":true,"href":"https:\/\/mmcereais.com.br\/en\/wp-json\/wp\/v2\/categories?post=27591"},{"taxonomy":"post_tag","embeddable":true,"href":"https:\/\/mmcereais.com.br\/en\/wp-json\/wp\/v2\/tags?post=27591"}],"curies":[{"name":"wp","href":"https:\/\/api.w.org\/{rel}","templated":true}]}}