{"id":27584,"date":"2026-08-31T10:34:59","date_gmt":"2026-08-31T14:34:59","guid":{"rendered":"https:\/\/mmcereais.com.br\/2026\/arroz\/preco-do-arroz-sobe-22-no-rio-grande-do-sul\/"},"modified":"2026-08-31T10:34:59","modified_gmt":"2026-08-31T14:34:59","slug":"preco-do-arroz-sobe-22-no-rio-grande-do-sul","status":"publish","type":"post","link":"https:\/\/mmcereais.com.br\/en\/2026\/arroz\/preco-do-arroz-sobe-22-no-rio-grande-do-sul\/","title":{"rendered":"Rice prices rise 22% in Rio Grande do Sul"},"content":{"rendered":"<p><img decoding=\"async\" src=\"http:\/\/www.agrolink.com.br\/upload\/imagens-resizes\/195db8c90e5d4717906bd75013332687_858x483.jpg\" \/><\/p>\n<div class=\"section-description section-description-noticias mt-3\">\n<p style=\"text-align:justify\">The price of <a href=\"https:\/\/www.agrolink.com.br\/culturas\/arroz\/?utm_source=agrolink-detalhe-noticia&amp;utm_medium=detalhe-noticia&amp;utm_campaign=links-internos\" target=\"_blank\" rel=\"noopener\">rice<\/a> subiu 22% no Rio Grande do Sul entre 1\u00ba de julho e 13 de agosto, passando de R$ 60,33 para R$ 73,60 por saca de 50 quilos. Segundo dados divulgados pela Consultoria Agro do Ita\u00fa BBA, a alta ocorre em meio \u00e0 redu\u00e7\u00e3o gradual da oferta, estoques mais enxutos, reten\u00e7\u00e3o de volumes pelos produtores e maior necessidade de reposi\u00e7\u00e3o pela ind\u00fastria.\n<\/p>\n<div id=\"agk_14000_pos_3_sidebar_mobile\" style=\"text-align: center;\" class=\"mb-4\">\n<\/div>\n<div id=\"agk_14000_pos_4_conteudo_desktop\" style=\"text-align: center;\" class=\"d-none d-lg-block mb-md-4\">\n<\/div>\n<p style=\"text-align:justify\">A valoriza\u00e7\u00e3o ocorre em um cen\u00e1rio de menor disponibilidade de arroz no mercado dom\u00e9stico. Segundo dados divulgados pela Consultoria Agro do Ita\u00fa BBA, produtores t\u00eam retido parte dos volumes, enquanto a ind\u00fastria beneficiadora demonstra necessidade de reposi\u00e7\u00e3o. Com a oferta mais ajustada, compradores passaram a atuar de maneira mais ativa no mercado, contribuindo para a recupera\u00e7\u00e3o das cota\u00e7\u00f5es.<\/p>\n<p style=\"text-align:justify\">Al\u00e9m dos fundamentos atuais, o mercado come\u00e7a a incorporar as perspectivas para a safra 2026\/27, que apontam para uma nova redu\u00e7\u00e3o da produ\u00e7\u00e3o brasileira e menor disponibilidade regional no Mercosul.<\/p>\n<p style=\"text-align:justify\">As exporta\u00e7\u00f5es tamb\u00e9m contribuem para reduzir os excedentes de arroz dispon\u00edveis no mercado brasileiro. Segundo dados divulgados pela Consultoria Agro do Ita\u00fa BBA, os embarques recuaram em julho, mas o volume acumulado desde janeiro chegou a 1,2 milh\u00e3o de toneladas, avan\u00e7o de 25% em rela\u00e7\u00e3o ao mesmo per\u00edodo do ano passado. A valoriza\u00e7\u00e3o do d\u00f3lar aumentou a competitividade do arroz brasileiro no mercado internacional e deu suporte adicional aos pre\u00e7os internos.\n<\/p>\n<div id=\"agk_14000_pos_4_conteudo_mobile\" style=\"text-align: center;\" class=\"mb-4\">\n<\/div>\n<div id=\"agk_14000_pos_5_conteudo_desktop\" style=\"text-align: center;\" class=\"d-none d-lg-block mb-md-4\">\n<\/div>\n<p style=\"text-align:justify\">O El Ni\u00f1o passou a influenciar as expectativas do mercado sobre a oferta futura de arroz. O fen\u00f4meno elevou a percep\u00e7\u00e3o de risco sobre a produ\u00e7\u00e3o nacional e ajudou a sustentar as cota\u00e7\u00f5es. Diante dos poss\u00edveis impactos clim\u00e1ticos sobre a produ\u00e7\u00e3o, a Companhia Nacional de Abastecimento (Conab) anunciou a aquisi\u00e7\u00e3o de 310 mil toneladas de arroz por meio da Pol\u00edtica de Garantia de Pre\u00e7os M\u00ednimos (AGF).<\/p>\n<p style=\"text-align:justify\">Segundo dados divulgados pela Conab, a medida busca refor\u00e7ar os estoques p\u00fablicos e criar um mecanismo de mitiga\u00e7\u00e3o diante de eventuais impactos clim\u00e1ticos. A retirada desse volume do mercado tende a reduzir parte do excedente dispon\u00edvel e contribuir para o equil\u00edbrio entre oferta e demanda. Por outro lado, a iniciativa tamb\u00e9m pode estimular uma maior reten\u00e7\u00e3o dos estoques pelos produtores durante o processo de reequil\u00edbrio do mercado.\n<\/p>\n<div id=\"agk_14000_pos_5_conteudo_mobile\" style=\"text-align: center;\" class=\"mb-4\">\n<\/div>\n<p style=\"text-align:justify\">A pr\u00f3xima safra ganha espa\u00e7o nas expectativas dos agentes do setor, principalmente diante da possibilidade de redu\u00e7\u00e3o da produ\u00e7\u00e3o e dos estoques de passagem. Segundo an\u00e1lise da Consultoria Agro do Ita\u00fa BBA, esses fatores podem alterar os fundamentos do mercado ao longo da safra 2026\/27. \u201cA continuidade da alta depender\u00e1 principalmente da velocidade de absor\u00e7\u00e3o desses excedentes ao longo da entressafra, do desempenho das exporta\u00e7\u00f5es e da manuten\u00e7\u00e3o de uma postura mais restritiva dos produtores na comercializa\u00e7\u00e3o. O mercado passa a direcionar cada vez mais sua aten\u00e7\u00e3o para a pr\u00f3xima safra, marcada pela expectativa de redu\u00e7\u00e3o da produ\u00e7\u00e3o e queda significativa dos estoques de passagem, fatores que podem tornar os fundamentos mais favor\u00e1veis ao longo de 2026\/27\u201d, afirma Marina Marangon, analista da Consultoria Agro do Ita\u00fa BBA.<\/p>\n<p style=\"text-align:justify\">O cen\u00e1rio, portanto, combina menor disponibilidade atual, maior atua\u00e7\u00e3o dos compradores, desempenho das exporta\u00e7\u00f5es e preocupa\u00e7\u00e3o com os efeitos clim\u00e1ticos sobre a pr\u00f3xima safra.<\/p>\n<\/p><\/div>\n<h6><em>THE <strong>MM Cereais<\/strong> It works with the best rice grains on the market and also keeps you up-to-date on the latest news and analysis about agribusiness.<br \/>\nDon&#039;t forget to follow our social networks.<\/em><\/h6>\n<p><a href=\"https:\/\/www.agrolink.com.br\/noticias\/preco-do-arroz-sobe-22--no-rio-grande-do-sul_518363.html\" target=\"_blank\" rel=\"noopener\">Access News Source <\/a><\/p>","protected":false},"excerpt":{"rendered":"<p>O pre\u00e7o do arroz subiu 22% no Rio Grande do Sul entre 1\u00ba de julho&hellip;<\/p>","protected":false},"author":1,"featured_media":27585,"comment_status":"","ping_status":"","sticky":false,"template":"","format":"standard","meta":{"footnotes":""},"categories":[204],"tags":[244,248,255,249,254,250,246,247,256,245,253,252,251],"class_list":["post-27584","post","type-post","status-publish","format-standard","has-post-thumbnail","hentry","category-arroz","tag-agrolink","tag-agrotoxicos","tag-artigos-tecnicos","tag-classificados","tag-colunistas","tag-compra","tag-cotacoes","tag-defensivos","tag-eventos","tag-noticias","tag-precos-agricolas","tag-previsao-do-tempo","tag-venda"],"_links":{"self":[{"href":"https:\/\/mmcereais.com.br\/en\/wp-json\/wp\/v2\/posts\/27584","targetHints":{"allow":["GET"]}}],"collection":[{"href":"https:\/\/mmcereais.com.br\/en\/wp-json\/wp\/v2\/posts"}],"about":[{"href":"https:\/\/mmcereais.com.br\/en\/wp-json\/wp\/v2\/types\/post"}],"author":[{"embeddable":true,"href":"https:\/\/mmcereais.com.br\/en\/wp-json\/wp\/v2\/users\/1"}],"replies":[{"embeddable":true,"href":"https:\/\/mmcereais.com.br\/en\/wp-json\/wp\/v2\/comments?post=27584"}],"version-history":[{"count":0,"href":"https:\/\/mmcereais.com.br\/en\/wp-json\/wp\/v2\/posts\/27584\/revisions"}],"wp:featuredmedia":[{"embeddable":true,"href":"https:\/\/mmcereais.com.br\/en\/wp-json\/wp\/v2\/media\/27585"}],"wp:attachment":[{"href":"https:\/\/mmcereais.com.br\/en\/wp-json\/wp\/v2\/media?parent=27584"}],"wp:term":[{"taxonomy":"category","embeddable":true,"href":"https:\/\/mmcereais.com.br\/en\/wp-json\/wp\/v2\/categories?post=27584"},{"taxonomy":"post_tag","embeddable":true,"href":"https:\/\/mmcereais.com.br\/en\/wp-json\/wp\/v2\/tags?post=27584"}],"curies":[{"name":"wp","href":"https:\/\/api.w.org\/{rel}","templated":true}]}}