{"id":27583,"date":"2026-08-31T10:24:57","date_gmt":"2026-08-31T14:24:57","guid":{"rendered":"https:\/\/mmcereais.com.br\/2026\/milho\/milho-sobe-58-em-agosto\/"},"modified":"2026-08-31T10:24:57","modified_gmt":"2026-08-31T14:24:57","slug":"milho-sobe-58-em-agosto","status":"publish","type":"post","link":"https:\/\/mmcereais.com.br\/en\/2026\/milho\/milho-sobe-58-em-agosto\/","title":{"rendered":"Corn rises 5.81% in August."},"content":{"rendered":"<p><img decoding=\"async\" src=\"http:\/\/www.agrolink.com.br\/upload\/imagens-resizes\/fe336544b8134c1583b17846c87053a8_858x483.jpg\" \/><\/p>\n<div class=\"section-description section-description-noticias mt-3\">\n<p style=\"text-align:justify\">The price of <a href=\"https:\/\/www.agrolink.com.br\/culturas\/milho?utm_source=agrolink-detalhe-noticia&amp;utm_medium=detalhe-noticia&amp;utm_campaign=links-internos%09\" target=\"_blank\" rel=\"noopener\">corn<\/a> acumula alta de 5,8% na parcial de agosto, mesmo com a colheita da segunda safra em fase final e estimativas de produ\u00e7\u00e3o recorde. Segundo dados divulgados pelo Cepea, compradores e vendedores seguem retra\u00eddos no mercado brasileiro, enquanto as negocia\u00e7\u00f5es ocorrem de forma pontual.\n<\/p>\n<div id=\"agk_14000_pos_3_sidebar_mobile\" style=\"text-align: center;\" class=\"mb-4\">\n<\/div>\n<div id=\"agk_14000_pos_4_conteudo_desktop\" style=\"text-align: center;\" class=\"d-none d-lg-block mb-md-4\">\n<\/div>\n<p style=\"text-align:justify\">Segundo dados divulgados pelo Cepea, os produtores continuam limitando a oferta \u00e0 espera de oportunidades mais atrativas, diante das recentes altas registradas no mercado internacional. A postura dos vendedores ocorre mesmo com a colheita da segunda safra em fase final e com estimativas de produ\u00e7\u00e3o recorde.<\/p>\n<p style=\"text-align:justify\">Do lado da demanda, os compradores encontram resist\u00eancia diante dos pre\u00e7os elevados pedidos pelos vendedores. Ainda assim, em alguns casos, acabam aceitando esses valores devido \u00e0 necessidade de adquirir lotes no curto prazo. Outra parcela dos consumidores tem recorrido aos estoques para atender \u00e0s necessidades de abastecimento.\n<\/p>\n<div id=\"agk_14000_pos_4_conteudo_mobile\" style=\"text-align: center;\" class=\"mb-4\">\n<\/div>\n<div id=\"agk_14000_pos_5_conteudo_desktop\" style=\"text-align: center;\" class=\"d-none d-lg-block mb-md-4\">\n<\/div>\n<p style=\"text-align:justify\">Nesse cen\u00e1rio de negocia\u00e7\u00f5es pontuais, o principal indicador de pre\u00e7os registra valoriza\u00e7\u00e3o no mercado brasileiro. Segundo dados divulgados pelo Cepea, o Indicador ESALQ\/BM&amp;FBovespa, referente \u00e0 regi\u00e3o de Campinas (SP), acumulou alta de 5,8% na parcial de agosto at\u00e9 o dia 27. A valoriza\u00e7\u00e3o ocorre em um ambiente marcado pela retra\u00e7\u00e3o de compradores e vendedores, com produtores restringindo a oferta e consumidores avaliando alternativas para atender \u00e0 demanda no curto prazo.<\/p>\n<p style=\"text-align:justify\">Segundo dados divulgados pelo Cepea, a estrat\u00e9gia dos produtores de limitar as vendas est\u00e1 relacionada \u00e0 busca por oportunidades consideradas mais atrativas no mercado. As recentes altas no mercado internacional refor\u00e7am essa postura, contribuindo para a menor disponibilidade de milho negociado no mercado spot. Ao mesmo tempo, compradores que precisam repor lotes no curto prazo enfrentam pre\u00e7os mais elevados e, em alguns casos, optam por aceitar os valores pedidos pelos vendedores.\n<\/p>\n<div id=\"agk_14000_pos_5_conteudo_mobile\" style=\"text-align: center;\" class=\"mb-4\">\n<\/div>\n<p style=\"text-align:justify\">A utiliza\u00e7\u00e3o dos estoques aparece como uma alternativa para parte dos consumidores diante do cen\u00e1rio de pre\u00e7os elevados. Segundo dados divulgados pelo Cepea, enquanto alguns compradores aceitam os pre\u00e7os solicitados pelos vendedores para garantir lotes no curto prazo, outros recorrem aos estoques que j\u00e1 possuem. Com isso, as negocia\u00e7\u00f5es permanecem pontuais, mesmo com o avan\u00e7o da colheita da segunda safra e as estimativas de produ\u00e7\u00e3o recorde.<\/p>\n<\/p><\/div>\n<h6><em>THE <strong>MM Cereais<\/strong> works with the best grains on the market and also keeps you up to date with the latest news and analyses on agribusiness.<br \/>\nDon&#039;t forget to follow our social networks.<\/em><\/h6>\n<p><a href=\"https:\/\/www.agrolink.com.br\/noticias\/milho-sobe-5-8--em-agosto_518362.html\" target=\"_blank\" rel=\"noopener\">Access News Source <\/a><\/p>","protected":false},"excerpt":{"rendered":"<p>O pre\u00e7o do milho acumula alta de 5,8% na parcial de agosto, mesmo com a&hellip;<\/p>","protected":false},"author":1,"featured_media":27428,"comment_status":"","ping_status":"","sticky":false,"template":"","format":"standard","meta":{"footnotes":""},"categories":[223],"tags":[244,248,255,249,254,250,246,247,256,245,253,252,251],"class_list":["post-27583","post","type-post","status-publish","format-standard","has-post-thumbnail","hentry","category-milho","tag-agrolink","tag-agrotoxicos","tag-artigos-tecnicos","tag-classificados","tag-colunistas","tag-compra","tag-cotacoes","tag-defensivos","tag-eventos","tag-noticias","tag-precos-agricolas","tag-previsao-do-tempo","tag-venda"],"_links":{"self":[{"href":"https:\/\/mmcereais.com.br\/en\/wp-json\/wp\/v2\/posts\/27583","targetHints":{"allow":["GET"]}}],"collection":[{"href":"https:\/\/mmcereais.com.br\/en\/wp-json\/wp\/v2\/posts"}],"about":[{"href":"https:\/\/mmcereais.com.br\/en\/wp-json\/wp\/v2\/types\/post"}],"author":[{"embeddable":true,"href":"https:\/\/mmcereais.com.br\/en\/wp-json\/wp\/v2\/users\/1"}],"replies":[{"embeddable":true,"href":"https:\/\/mmcereais.com.br\/en\/wp-json\/wp\/v2\/comments?post=27583"}],"version-history":[{"count":0,"href":"https:\/\/mmcereais.com.br\/en\/wp-json\/wp\/v2\/posts\/27583\/revisions"}],"wp:featuredmedia":[{"embeddable":true,"href":"https:\/\/mmcereais.com.br\/en\/wp-json\/wp\/v2\/media\/27428"}],"wp:attachment":[{"href":"https:\/\/mmcereais.com.br\/en\/wp-json\/wp\/v2\/media?parent=27583"}],"wp:term":[{"taxonomy":"category","embeddable":true,"href":"https:\/\/mmcereais.com.br\/en\/wp-json\/wp\/v2\/categories?post=27583"},{"taxonomy":"post_tag","embeddable":true,"href":"https:\/\/mmcereais.com.br\/en\/wp-json\/wp\/v2\/tags?post=27583"}],"curies":[{"name":"wp","href":"https:\/\/api.w.org\/{rel}","templated":true}]}}