{"id":27582,"date":"2026-08-31T09:42:59","date_gmt":"2026-08-31T13:42:59","guid":{"rendered":"https:\/\/mmcereais.com.br\/2026\/soja\/precos-da-soja-avancam-com-demanda-global-e-risco-climatico\/"},"modified":"2026-08-31T09:42:59","modified_gmt":"2026-08-31T13:42:59","slug":"precos-da-soja-avancam-com-demanda-global-e-risco-climatico","status":"publish","type":"post","link":"https:\/\/mmcereais.com.br\/en\/2026\/soja\/precos-da-soja-avancam-com-demanda-global-e-risco-climatico\/","title":{"rendered":"Soybean prices rise due to global demand and climate risk."},"content":{"rendered":"<p><img decoding=\"async\" src=\"http:\/\/www.agrolink.com.br\/upload\/imagens-resizes\/595835091187433ca7185574dbaae880_858x483.jpg\" \/><\/p>\n<div class=\"section-description section-description-noticias mt-3\">\n<p style=\"text-align:justify\">Os pre\u00e7os futuros e dom\u00e9sticos da soja seguem em alta diante da demanda global firme, das condi\u00e7\u00f5es clim\u00e1ticas irregulares no Hemisf\u00e9rio Norte e das incertezas sobre os poss\u00edveis efeitos do El Ni\u00f1o na safra 2026\/27. Segundo dados divulgados pelo Cepea, o cen\u00e1rio tamb\u00e9m levou parte dos vendedores brasileiros a adiar novas negocia\u00e7\u00f5es, enquanto os pre\u00e7os FOB nos portos nacionais alcan\u00e7aram os maiores n\u00edveis em tr\u00eas anos.\n<\/p>\n<div id=\"agk_14000_pos_3_sidebar_mobile\" style=\"text-align: center;\" class=\"mb-4\">\n<\/div>\n<div id=\"agk_14000_pos_4_conteudo_desktop\" style=\"text-align: center;\" class=\"d-none d-lg-block mb-md-4\">\n<\/div>\n<p style=\"text-align:justify\">A firme demanda mundial continua dando suporte \u00e0s cota\u00e7\u00f5es da soja. Ao mesmo tempo, as condi\u00e7\u00f5es clim\u00e1ticas irregulares no Hemisf\u00e9rio Norte aumentam as incertezas sobre a oferta da oleaginosa. Outro fator de aten\u00e7\u00e3o \u00e9 o poss\u00edvel impacto do fen\u00f4meno clim\u00e1tico El Ni\u00f1o sobre a safra 2026\/27. Segundo dados divulgados pelo Cepea, as d\u00favidas em rela\u00e7\u00e3o aos efeitos do fen\u00f4meno seguem contribuindo para impulsionar os pre\u00e7os futuros e dom\u00e9sticos.<\/p>\n<p style=\"text-align:justify\">No mercado brasileiro, a valoriza\u00e7\u00e3o foi refor\u00e7ada pela postura de parte dos vendedores. Segundo dados divulgados pelo Cepea, esses agentes, atentos ao cen\u00e1rio internacional e \u00e0s incertezas clim\u00e1ticas, demonstraram prefer\u00eancia por postergar novas negocia\u00e7\u00f5es. Ainda assim, quando precisam comercializar no mercado spot, muitos vendedores t\u00eam aceitado prazos de pagamento mais alongados. A concess\u00e3o de prazo, por\u00e9m, ocorre em meio \u00e0 exig\u00eancia de pre\u00e7os maiores, mantendo o mercado dom\u00e9stico sustentado.\n<\/p>\n<div id=\"agk_14000_pos_4_conteudo_mobile\" style=\"text-align: center;\" class=\"mb-4\">\n<\/div>\n<div id=\"agk_14000_pos_5_conteudo_desktop\" style=\"text-align: center;\" class=\"d-none d-lg-block mb-md-4\">\n<\/div>\n<p style=\"text-align:justify\">Segundo dados divulgados pelo Cepea, os pr\u00eamios de exporta\u00e7\u00e3o da soja no Brasil permanecem firmes mesmo diante da alta observada no mercado externo. Esse comportamento tem contribu\u00eddo para elevar o pre\u00e7o FOB nos portos brasileiros. As cota\u00e7\u00f5es FOB alcan\u00e7aram os maiores patamares em tr\u00eas anos, refor\u00e7ando o ambiente de valoriza\u00e7\u00e3o da soja no mercado nacional.<\/p>\n<p style=\"text-align:justify\">As incertezas clim\u00e1ticas passaram a ocupar espa\u00e7o importante na forma\u00e7\u00e3o das expectativas para a pr\u00f3xima temporada. As condi\u00e7\u00f5es irregulares no Hemisf\u00e9rio Norte e os poss\u00edveis efeitos do El Ni\u00f1o sobre a safra 2026\/27 mant\u00eam o mercado atento ao comportamento da oferta. Enquanto essas d\u00favidas permanecem, a combina\u00e7\u00e3o entre demanda global firme, postura mais cautelosa dos vendedores e pr\u00eamios de exporta\u00e7\u00e3o sustentados continua dando suporte aos pre\u00e7os da soja.\n<\/p>\n<div id=\"agk_14000_pos_5_conteudo_mobile\" style=\"text-align: center;\" class=\"mb-4\">\n<\/div><\/div>\n<h6><em>THE <strong>MM Cereais<\/strong> works with the best grains on the market and also keeps you up to date with the latest news and analyses on agribusiness.<br \/>\nDon&#039;t forget to follow our social networks.<\/em><\/h6>\n<p><a href=\"https:\/\/www.agrolink.com.br\/noticias\/soja-sobe-com-demanda-firme-e-duvidas-sobre-safra-2026-27_518361.html\" target=\"_blank\" rel=\"noopener\">Access News Source <\/a><\/p>","protected":false},"excerpt":{"rendered":"<p>Os pre\u00e7os futuros e dom\u00e9sticos da soja seguem em alta diante da demanda global firme,&hellip;<\/p>","protected":false},"author":1,"featured_media":27487,"comment_status":"","ping_status":"","sticky":false,"template":"","format":"standard","meta":{"footnotes":""},"categories":[259],"tags":[244,248,255,249,254,250,246,247,256,245,253,252,251],"class_list":["post-27582","post","type-post","status-publish","format-standard","has-post-thumbnail","hentry","category-soja","tag-agrolink","tag-agrotoxicos","tag-artigos-tecnicos","tag-classificados","tag-colunistas","tag-compra","tag-cotacoes","tag-defensivos","tag-eventos","tag-noticias","tag-precos-agricolas","tag-previsao-do-tempo","tag-venda"],"_links":{"self":[{"href":"https:\/\/mmcereais.com.br\/en\/wp-json\/wp\/v2\/posts\/27582","targetHints":{"allow":["GET"]}}],"collection":[{"href":"https:\/\/mmcereais.com.br\/en\/wp-json\/wp\/v2\/posts"}],"about":[{"href":"https:\/\/mmcereais.com.br\/en\/wp-json\/wp\/v2\/types\/post"}],"author":[{"embeddable":true,"href":"https:\/\/mmcereais.com.br\/en\/wp-json\/wp\/v2\/users\/1"}],"replies":[{"embeddable":true,"href":"https:\/\/mmcereais.com.br\/en\/wp-json\/wp\/v2\/comments?post=27582"}],"version-history":[{"count":0,"href":"https:\/\/mmcereais.com.br\/en\/wp-json\/wp\/v2\/posts\/27582\/revisions"}],"wp:featuredmedia":[{"embeddable":true,"href":"https:\/\/mmcereais.com.br\/en\/wp-json\/wp\/v2\/media\/27487"}],"wp:attachment":[{"href":"https:\/\/mmcereais.com.br\/en\/wp-json\/wp\/v2\/media?parent=27582"}],"wp:term":[{"taxonomy":"category","embeddable":true,"href":"https:\/\/mmcereais.com.br\/en\/wp-json\/wp\/v2\/categories?post=27582"},{"taxonomy":"post_tag","embeddable":true,"href":"https:\/\/mmcereais.com.br\/en\/wp-json\/wp\/v2\/tags?post=27582"}],"curies":[{"name":"wp","href":"https:\/\/api.w.org\/{rel}","templated":true}]}}