{"id":27578,"date":"2026-08-31T07:21:55","date_gmt":"2026-08-31T11:21:55","guid":{"rendered":"https:\/\/mmcereais.com.br\/2026\/milho\/consultoria-ve-semana-positiva-para-precos-do-milho\/"},"modified":"2026-08-31T07:21:55","modified_gmt":"2026-08-31T11:21:55","slug":"consultoria-ve-semana-positiva-para-precos-do-milho","status":"publish","type":"post","link":"https:\/\/mmcereais.com.br\/en\/2026\/milho\/consultoria-ve-semana-positiva-para-precos-do-milho\/","title":{"rendered":"Consulting firm sees positive week for corn prices."},"content":{"rendered":"<p><img decoding=\"async\" src=\"http:\/\/www.agrolink.com.br\/upload\/imagens-resizes\/efe634a1e2564f26a6bf53f00d828b5b_858x483.jpg\" \/><\/p>\n<div class=\"section-description section-description-noticias mt-3\">\n<p>The market of <a href=\"https:\/\/www.agrolink.com.br\/culturas\/milho?utm_source=agrolink-detalhe-noticia&amp;utm_medium=detalhe-noticia&amp;utm_campaign=links-internos%09\" target=\"_blank\" rel=\"noopener\">corn<\/a> encerrou a semana com valoriza\u00e7\u00e3o nos contratos futuros e sustenta\u00e7\u00e3o dos pre\u00e7os em importantes regi\u00f5es produtoras, em meio \u00e0 menor oferta global, avan\u00e7o das exporta\u00e7\u00f5es e postura mais firme dos vendedores. Segundo a TF Agroecon\u00f4mica, a B3 acompanhou o movimento positivo das bolsas internacionais, enquanto o mercado f\u00edsico tamb\u00e9m registrou alta.\n<\/p>\n<div id=\"agk_14000_pos_3_sidebar_mobile\" style=\"text-align: center;\" class=\"mb-4\">\n<\/div>\n<div id=\"agk_14000_pos_4_conteudo_desktop\" style=\"text-align: center;\" class=\"d-none d-lg-block mb-md-4\">\n<\/div>\n<p>Na B3, o contrato de setembro de 2026 fechou a R$ 71,50, com avan\u00e7o de R$ 0,21 no dia e de R$ 0,20 na semana. Novembro terminou a R$ 77,90, alta di\u00e1ria de R$ 0,25 e semanal de R$ 0,72, enquanto janeiro de 2027 ficou em R$ 81,00. No acumulado semanal, Chicago subiu 5,89%, Paris avan\u00e7ou 1,88% e a Argentina, 0,92%. O d\u00f3lar ganhou 1% e o mercado f\u00edsico, 2,37%.<\/p>\n<p>No Rio Grande do Sul, as indica\u00e7\u00f5es variam de R$ 58 a R$ 65 por saca, e a m\u00e9dia estadual da Emater subiu 1,53%, para R$ 60,23. O plantio da safra 2026\/27 avan\u00e7a de forma desigual, condicionado pela umidade e pelas chuvas, com maior progresso em \u00e1reas do Noroeste.\n<\/p>\n<div id=\"agk_14000_pos_4_conteudo_mobile\" style=\"text-align: center;\" class=\"mb-4\">\n<\/div>\n<div id=\"agk_14000_pos_5_conteudo_desktop\" style=\"text-align: center;\" class=\"d-none d-lg-block mb-md-4\">\n<\/div>\n<p>Em Santa Catarina, as refer\u00eancias seguem pr\u00f3ximas de R$ 60 por saca, mas a demanda gira em torno de R$ 55. O estado precisa de cerca de 8,5 milh\u00f5es de toneladas por ano e produziu 2,67 milh\u00f5es na safra 2025\/26, mantendo d\u00e9ficit pr\u00f3ximo de 6 milh\u00f5es de toneladas e ampliando a busca por alternativas de abastecimento.<\/p>\n<p>No Paran\u00e1, a colheita da segunda safra chegou a 83%, enquanto o plantio de 2026\/27 alcan\u00e7ou 6%. O pre\u00e7o ao produtor encerrou a semana em R$ 56,79 por saca, alta de 7,8% ante julho e de 11% frente a agosto de 2025. Em Mato Grosso do Sul, os pre\u00e7os variam de R$ 50 a R$ 55, com suporte da demanda da ind\u00fastria de bioenergia.\n<\/p>\n<div id=\"agk_14000_pos_5_conteudo_mobile\" style=\"text-align: center;\" class=\"mb-4\">\n<\/div><\/div>\n<h6><em>THE <strong>MM Cereais<\/strong> works with the best grains on the market and also keeps you up to date with the latest news and analyses on agribusiness.<br \/>\nDon&#039;t forget to follow our social networks.<\/em><\/h6>\n<p><a href=\"https:\/\/www.agrolink.com.br\/noticias\/consultoria-ve-semana-positiva-para-precos-do-milho_518350.html\" target=\"_blank\" rel=\"noopener\">Access News Source <\/a><\/p>","protected":false},"excerpt":{"rendered":"<p>O mercado de milho encerrou a semana com valoriza\u00e7\u00e3o nos contratos futuros e sustenta\u00e7\u00e3o dos&hellip;<\/p>","protected":false},"author":1,"featured_media":27402,"comment_status":"","ping_status":"","sticky":false,"template":"","format":"standard","meta":{"footnotes":""},"categories":[223],"tags":[244,248,255,249,254,250,246,247,256,245,253,252,251],"class_list":["post-27578","post","type-post","status-publish","format-standard","has-post-thumbnail","hentry","category-milho","tag-agrolink","tag-agrotoxicos","tag-artigos-tecnicos","tag-classificados","tag-colunistas","tag-compra","tag-cotacoes","tag-defensivos","tag-eventos","tag-noticias","tag-precos-agricolas","tag-previsao-do-tempo","tag-venda"],"_links":{"self":[{"href":"https:\/\/mmcereais.com.br\/en\/wp-json\/wp\/v2\/posts\/27578","targetHints":{"allow":["GET"]}}],"collection":[{"href":"https:\/\/mmcereais.com.br\/en\/wp-json\/wp\/v2\/posts"}],"about":[{"href":"https:\/\/mmcereais.com.br\/en\/wp-json\/wp\/v2\/types\/post"}],"author":[{"embeddable":true,"href":"https:\/\/mmcereais.com.br\/en\/wp-json\/wp\/v2\/users\/1"}],"replies":[{"embeddable":true,"href":"https:\/\/mmcereais.com.br\/en\/wp-json\/wp\/v2\/comments?post=27578"}],"version-history":[{"count":0,"href":"https:\/\/mmcereais.com.br\/en\/wp-json\/wp\/v2\/posts\/27578\/revisions"}],"wp:featuredmedia":[{"embeddable":true,"href":"https:\/\/mmcereais.com.br\/en\/wp-json\/wp\/v2\/media\/27402"}],"wp:attachment":[{"href":"https:\/\/mmcereais.com.br\/en\/wp-json\/wp\/v2\/media?parent=27578"}],"wp:term":[{"taxonomy":"category","embeddable":true,"href":"https:\/\/mmcereais.com.br\/en\/wp-json\/wp\/v2\/categories?post=27578"},{"taxonomy":"post_tag","embeddable":true,"href":"https:\/\/mmcereais.com.br\/en\/wp-json\/wp\/v2\/tags?post=27578"}],"curies":[{"name":"wp","href":"https:\/\/api.w.org\/{rel}","templated":true}]}}