{"id":26992,"date":"2026-05-01T09:57:05","date_gmt":"2026-05-01T13:57:05","guid":{"rendered":"https:\/\/mmcereais.com.br\/2026\/centro-oeste\/agro-mais-que-dobra-empregos-em-mt-e-se-consolida-como-principal-motor-de-trabalho-e-renda\/"},"modified":"2026-05-01T09:57:05","modified_gmt":"2026-05-01T13:57:05","slug":"agro-mais-que-dobra-empregos-em-mt-e-se-consolida-como-principal-motor-de-trabalho-e-renda","status":"publish","type":"post","link":"https:\/\/mmcereais.com.br\/en\/2026\/centro-oeste\/agro-mais-que-dobra-empregos-em-mt-e-se-consolida-como-principal-motor-de-trabalho-e-renda\/","title":{"rendered":"Agro mais que dobra empregos em MT e se consolida como principal motor de trabalho e renda"},"content":{"rendered":"<p><\/p>\n<div class=\"materia\">\n<p>O agroneg\u00f3cio mato-grossense consolida, ano ap\u00f3s ano, sua for\u00e7a como gerador de oportunidades, sustentado por um crescimento consistente no n\u00famero de trabalhadores ao longo das \u00faltimas d\u00e9cadas. Levantamento do Instituto Mato-grossense de Economia Agropecu\u00e1ria (IMEA) aponta que o total de empregos no setor mais que dobrou, saltando de cerca de 173 mil em 2006 para uma estimativa de 449 mil em 2026. O avan\u00e7o revela n\u00e3o apenas a expans\u00e3o da produ\u00e7\u00e3o, mas tamb\u00e9m a capacidade do agro de absorver m\u00e3o de obra e acompanhar o desenvolvimento econ\u00f4mico do estado.<\/p>\n<p>Nos \u00faltimos anos, esse movimento ganhou ainda mais intensidade. A partir de 2021, o setor passou a registrar um ritmo mais acelerado de gera\u00e7\u00e3o de empregos, refletindo o aumento da produtividade, a amplia\u00e7\u00e3o das \u00e1reas cultivadas e o fortalecimento da cadeia produtiva. O cen\u00e1rio refor\u00e7a o papel estrat\u00e9gico do agro na cria\u00e7\u00e3o de oportunidades, impactando desde as atividades no campo at\u00e9 os diversos elos que d\u00e3o suporte \u00e0 produ\u00e7\u00e3o, como transporte, armazenagem e servi\u00e7os.<\/p>\n<p>Nesse contexto, a atua\u00e7\u00e3o da Associa\u00e7\u00e3o dos Produtores de Soja e Milho de Mato Grosso \u00e9 fundamental para fortalecer o produtor rural e garantir condi\u00e7\u00f5es para o crescimento sustent\u00e1vel do setor. A entidade desenvolve a\u00e7\u00f5es voltadas \u00e0 capacita\u00e7\u00e3o, assist\u00eancia t\u00e9cnica, defesa de interesses e promo\u00e7\u00e3o de iniciativas que contribuem para a efici\u00eancia da produ\u00e7\u00e3o.<\/p>\n<p>O vice-presidente norte da Aprosoja MT, Diogo Balistieri, explica que o agroneg\u00f3cio exerce um papel central na gera\u00e7\u00e3o de empregos ao impulsionar n\u00e3o apenas as atividades dentro das propriedades rurais, mas toda uma cadeia produtiva que envolve transporte, armazenagem, ind\u00fastria e servi\u00e7os. Segundo ele, esse alcance faz com que o impacto do setor ultrapasse os limites do campo, contribuindo diretamente para a economia dos munic\u00edpios e para a cria\u00e7\u00e3o de oportunidades tamb\u00e9m nas \u00e1reas urbanas.<\/p>\n<div id=\"wzk-formulario-78e4f7f999\"><\/div>\n<p>  <script async>\n  window.wzkWidgetMundoZeroKM.load(\"78e4f7f999\", \"#wzk-formulario-78e4f7f999\", {\n    color: \"#00a99d\",\n    title0km: \"Oferta 0km\",\n    titleForm: \"Preencha seus dados para um Consultor GWM entrar em contato com voc\u00ea!\",\n    isImageMobile: true,\n    fontFamily: '\"Inter\", sans-serif',\n    origin: \"widget-form\",\n    utmSource: \"NO4907\",\n    utmMedium: \"organic\",\n    utmTerm: \"\",\n    utmContent: \"\",\n    utmCampaign: \"78e4f7f999\",\n    colorBackground: \"\" ,\n    textHeader:\"\",\n    colorSpan: \"\",\n    colorTitle: \"\"\n  });\n  <\/script><\/p>\n<p>\u201cO agro brasileiro, especialmente o mato-grossense, tem gerado diversos empregos diretos e indiretos em toda a cadeia produtiva, principalmente com a industrializa\u00e7\u00e3o das mat\u00e9rias-primas produzidas no campo. Onde o agro chega, h\u00e1 aumento de renda e da oferta de emprego. Os \u00edndices de desenvolvimento s\u00e3o maiores nas \u00e1reas agr\u00edcolas, mostrando e comprovando que, onde h\u00e1 agro, h\u00e1 pleno emprego e desenvolvimento\u201d, destaca o vice-presidente norte da Aprosoja MT.<\/p>\n<p>Al\u00e9m da gera\u00e7\u00e3o de empregos, o agroneg\u00f3cio tamb\u00e9m se destaca pelo peso na economia mato-grossense, sendo respons\u00e1vel por mais da metade da atividade econ\u00f4mica do estado. A forte participa\u00e7\u00e3o do setor evidencia como o desempenho do agro est\u00e1 diretamente ligado ao desenvolvimento regional, impulsionando investimentos, movimentando diferentes segmentos e criando um ambiente favor\u00e1vel \u00e0 expans\u00e3o das oportunidades de trabalho.<\/p>\n<p>O 2\u00ba Diretor Administrativo da Aprosoja MT, Jorge Diego Giacomelli, ressalta que ao apoiar o produtor e atuar em pautas estrat\u00e9gicas, a Aprosoja MT tamb\u00e9m estimula o desenvolvimento da cadeia produtiva, refletindo diretamente na amplia\u00e7\u00e3o de empregos e na gera\u00e7\u00e3o de renda em todo o estado.<\/p>\n<p>\u201cA Aprosoja MT tem um papel important\u00edssimo na manuten\u00e7\u00e3o do produtor rural, garantindo que ele se mantenha ativo, fortalecido e unido enquanto classe. E, consequentemente, ao manter essa classe produtora em plena atividade, desenvolvendo seu trabalho e gerando riqueza, contribui-se para um agro mais forte, um estado mais fortalecido e uma economia mais pujante\u201d, complementa Giacomelli.<\/p>\n<p>Diante desse cen\u00e1rio, o agroneg\u00f3cio reafirma seu papel como um dos principais vetores de desenvolvimento de Mato Grosso, n\u00e3o apenas pela for\u00e7a produtiva, mas pela capacidade de gerar oportunidades e sustentar milhares de fam\u00edlias. No Dia do Trabalho, os dados evidenciam que investir no fortalecimento do setor \u00e9 tamb\u00e9m investir na cria\u00e7\u00e3o de empregos, na dinamiza\u00e7\u00e3o da economia e no futuro do estado, consolidando o agro como pe\u00e7a-chave para um crescimento s\u00f3lido e cont\u00ednuo.<\/p>\n<\/p><\/div>\n<h6><em>THE <strong>MM Cereais<\/strong> works with the best grains on the market in the Central West Region and also keeps you up to date with the latest news and analyses on agribusiness.<br \/>\nDon&#039;t forget to follow our social networks.<\/em><\/h6>\n<p><a href=\"https:\/\/www.noticiasagricolas.com.br\/noticias\/agronegocio\/420045-agro-mais-que-dobra-empregos-em-mt-e-se-consolida-como-principal-motor-de-trabalho-e-renda.html?utm_source=parceiros&#038;utm_medium=rss\" target=\"_blank\" rel=\"noopener\">Access News Source <\/a><\/p>","protected":false},"excerpt":{"rendered":"<p>O agroneg\u00f3cio mato-grossense consolida, ano ap\u00f3s ano, sua for\u00e7a como gerador de oportunidades, sustentado por&hellip;<\/p>","protected":false},"author":1,"featured_media":26993,"comment_status":"","ping_status":"","sticky":false,"template":"","format":"standard","meta":{"footnotes":""},"categories":[90],"tags":[240,239],"class_list":["post-26992","post","type-post","status-publish","format-standard","has-post-thumbnail","hentry","category-centro-oeste","tag-agricultura","tag-agronegocio"],"_links":{"self":[{"href":"https:\/\/mmcereais.com.br\/en\/wp-json\/wp\/v2\/posts\/26992","targetHints":{"allow":["GET"]}}],"collection":[{"href":"https:\/\/mmcereais.com.br\/en\/wp-json\/wp\/v2\/posts"}],"about":[{"href":"https:\/\/mmcereais.com.br\/en\/wp-json\/wp\/v2\/types\/post"}],"author":[{"embeddable":true,"href":"https:\/\/mmcereais.com.br\/en\/wp-json\/wp\/v2\/users\/1"}],"replies":[{"embeddable":true,"href":"https:\/\/mmcereais.com.br\/en\/wp-json\/wp\/v2\/comments?post=26992"}],"version-history":[{"count":0,"href":"https:\/\/mmcereais.com.br\/en\/wp-json\/wp\/v2\/posts\/26992\/revisions"}],"wp:featuredmedia":[{"embeddable":true,"href":"https:\/\/mmcereais.com.br\/en\/wp-json\/wp\/v2\/media\/26993"}],"wp:attachment":[{"href":"https:\/\/mmcereais.com.br\/en\/wp-json\/wp\/v2\/media?parent=26992"}],"wp:term":[{"taxonomy":"category","embeddable":true,"href":"https:\/\/mmcereais.com.br\/en\/wp-json\/wp\/v2\/categories?post=26992"},{"taxonomy":"post_tag","embeddable":true,"href":"https:\/\/mmcereais.com.br\/en\/wp-json\/wp\/v2\/tags?post=26992"}],"curies":[{"name":"wp","href":"https:\/\/api.w.org\/{rel}","templated":true}]}}