{"id":26989,"date":"2026-05-01T07:38:50","date_gmt":"2026-05-01T11:38:50","guid":{"rendered":"https:\/\/mmcereais.com.br\/2026\/milho\/avicultor-passa-a-comprar-391-kg-de-milho-por-kg-de-frango-em-abril\/"},"modified":"2026-05-01T07:38:50","modified_gmt":"2026-05-01T11:38:50","slug":"avicultor-passa-a-comprar-391-kg-de-milho-por-kg-de-frango-em-abril","status":"publish","type":"post","link":"https:\/\/mmcereais.com.br\/en\/2026\/milho\/avicultor-passa-a-comprar-391-kg-de-milho-por-kg-de-frango-em-abril\/","title":{"rendered":"Avicultor passa a comprar 3,91 kg de milho por kg de frango em abril"},"content":{"rendered":"<p><\/p>\n<div id=\"mvp-content-main\" class=\"left relative\">\n<p>Ap\u00f3s quatro meses consecutivos de deteriora\u00e7\u00e3o, o poder de compra do avicultor paulista frente aos principais insumos da atividade, como milho e farelo de soja, apresentou rea\u00e7\u00e3o em abril. O movimento foi influenciado pela interrup\u00e7\u00e3o das quedas mais intensas no pre\u00e7o do frango vivo e pela retra\u00e7\u00e3o nas cota\u00e7\u00f5es dos insumos, segundo levantamento do Cepea.<\/p>\n<p>Na m\u00e9dia parcial de abril, at\u00e9 o dia 28, o quilo do frango vivo foi negociado a R$ 4,44 no estado de S\u00e3o Paulo, com leve recuo de 0,6% em rela\u00e7\u00e3o a mar\u00e7o. Apesar da varia\u00e7\u00e3o negativa, o ritmo de queda perdeu intensidade, o que contribuiu para melhorar a rela\u00e7\u00e3o de troca no per\u00edodo.<\/p>\n<p><img fetchpriority=\"high\" data-recalc-dims=\"1\" decoding=\"async\" data-attachment-id=\"202647\" data-permalink=\"https:\/\/opresenterural.com.br\/2026-no-radar-otimismo-com-metodo-e-vigilancia\/livechickensformeatproductionfeedonpoultryfarmin-5\/\" data-orig-file=\"https:\/\/i0.wp.com\/opresenterural.com.br\/wp-content\/uploads\/2026\/02\/shutterstock_2544534171.jpg?fit=1400%2C1050&amp;ssl=1\" data-orig-size=\"1400,1050\" data-comments-opened=\"0\" data-image-meta=\"{&quot;aperture&quot;:&quot;0&quot;,&quot;credit&quot;:&quot;Shutterstock&quot;,&quot;camera&quot;:&quot;&quot;,&quot;caption&quot;:&quot;Live chickens for meat production feed on poultry farm in Santa Catarina state, south reguion of Brazil&quot;,&quot;created_timestamp&quot;:&quot;0&quot;,&quot;copyright&quot;:&quot;Copyright (c) 2024 Alf Ribeiro\\\/Shutterstock.  No use without permission.&quot;,&quot;focal_length&quot;:&quot;0&quot;,&quot;iso&quot;:&quot;0&quot;,&quot;shutter_speed&quot;:&quot;0&quot;,&quot;title&quot;:&quot;Live,Chickens,For,Meat,Production,Feed,On,Poultry,Farm,In&quot;,&quot;orientation&quot;:&quot;1&quot;}\" data-image-title=\"avicultura, aves, avicultura de corte, frango\" data-image-description data-image-caption=\"&lt;p&gt;Foto: Shutterstock&lt;\/p&gt;\" data-medium-file=\"https:\/\/i0.wp.com\/opresenterural.com.br\/wp-content\/uploads\/2026\/02\/shutterstock_2544534171.jpg?fit=300%2C225&amp;ssl=1\" data-large-file=\"https:\/\/i0.wp.com\/opresenterural.com.br\/wp-content\/uploads\/2026\/02\/shutterstock_2544534171.jpg?fit=740%2C555&amp;ssl=1\" class=\"size-medium wp-image-202647\" src=\"https:\/\/i0.wp.com\/opresenterural.com.br\/wp-content\/uploads\/2026\/02\/shutterstock_2544534171.jpg?resize=300%2C225&amp;ssl=1\" alt width=\"300\" height=\"225\" srcset=\"https:\/\/i0.wp.com\/opresenterural.com.br\/wp-content\/uploads\/2026\/02\/shutterstock_2544534171.jpg?resize=300%2C225&amp;ssl=1 300w, https:\/\/i0.wp.com\/opresenterural.com.br\/wp-content\/uploads\/2026\/02\/shutterstock_2544534171.jpg?resize=1024%2C768&amp;ssl=1 1024w, https:\/\/i0.wp.com\/opresenterural.com.br\/wp-content\/uploads\/2026\/02\/shutterstock_2544534171.jpg?resize=768%2C576&amp;ssl=1 768w, https:\/\/i0.wp.com\/opresenterural.com.br\/wp-content\/uploads\/2026\/02\/shutterstock_2544534171.jpg?resize=600%2C450&amp;ssl=1 600w, https:\/\/i0.wp.com\/opresenterural.com.br\/wp-content\/uploads\/2026\/02\/shutterstock_2544534171.jpg?w=1400&amp;ssl=1 1400w\" sizes=\"(max-width: 300px) 100vw, 300px\"><\/p>\n<p>De acordo com agentes de mercado consultados pelo Cepea, houve espa\u00e7o para ajustes positivos nas cota\u00e7\u00f5es do frango vivo na primeira quinzena do m\u00eas. No entanto, o movimento perdeu for\u00e7a na segunda metade de abril, indicando limita\u00e7\u00e3o na recupera\u00e7\u00e3o dos pre\u00e7os.<\/p>\n<p>Do lado dos custos, a queda mais acentuada nos pre\u00e7os do milho e do farelo de soja trouxe al\u00edvio ao produtor. Considerando os valores m\u00e9dios do frango vivo em S\u00e3o Paulo e do milho na regi\u00e3o de Campinas (SP), o avicultor passou a conseguir adquirir 3,91 quilos do cereal com a venda de um quilo de frango, alta de 3,5% frente a mar\u00e7o.<\/p>\n<p>No caso do farelo de soja, a rela\u00e7\u00e3o tamb\u00e9m melhorou. Em abril, foi poss\u00edvel comprar 2,54 quilos do insumo com a venda de um quilo de frango vivo, avan\u00e7o de 2,7% na compara\u00e7\u00e3o mensal.<\/p>\n<p>Apesar da melhora pontual, o cen\u00e1rio ainda reflete um per\u00edodo recente de press\u00e3o sobre as margens da atividade, com a recupera\u00e7\u00e3o do poder de compra sustentada, neste momento, mais pela queda dos custos do que por valoriza\u00e7\u00e3o consistente do produto final.<\/p>\n<\/div>\n<h6><em>THE <strong>MM Cereais<\/strong> works with the best grains on the market and also keeps you up to date with the latest news and analyses on agribusiness.<br \/>\nDon&#039;t forget to follow our social networks.<\/em><\/h6>\n<p><a href=\"https:\/\/opresenterural.com.br\/avicultor-passa-a-comprar-391-kg-de-milho-por-kg-de-frango-em-abril\/\" target=\"_blank\" rel=\"noopener\">Access News Source <\/a><\/p>","protected":false},"excerpt":{"rendered":"<p>Ap\u00f3s quatro meses consecutivos de deteriora\u00e7\u00e3o, o poder de compra do avicultor paulista frente aos&hellip;<\/p>","protected":false},"author":1,"featured_media":26990,"comment_status":"","ping_status":"","sticky":false,"template":"","format":"standard","meta":{"footnotes":""},"categories":[223],"tags":[],"class_list":["post-26989","post","type-post","status-publish","format-standard","has-post-thumbnail","hentry","category-milho"],"_links":{"self":[{"href":"https:\/\/mmcereais.com.br\/en\/wp-json\/wp\/v2\/posts\/26989","targetHints":{"allow":["GET"]}}],"collection":[{"href":"https:\/\/mmcereais.com.br\/en\/wp-json\/wp\/v2\/posts"}],"about":[{"href":"https:\/\/mmcereais.com.br\/en\/wp-json\/wp\/v2\/types\/post"}],"author":[{"embeddable":true,"href":"https:\/\/mmcereais.com.br\/en\/wp-json\/wp\/v2\/users\/1"}],"replies":[{"embeddable":true,"href":"https:\/\/mmcereais.com.br\/en\/wp-json\/wp\/v2\/comments?post=26989"}],"version-history":[{"count":0,"href":"https:\/\/mmcereais.com.br\/en\/wp-json\/wp\/v2\/posts\/26989\/revisions"}],"wp:featuredmedia":[{"embeddable":true,"href":"https:\/\/mmcereais.com.br\/en\/wp-json\/wp\/v2\/media\/26990"}],"wp:attachment":[{"href":"https:\/\/mmcereais.com.br\/en\/wp-json\/wp\/v2\/media?parent=26989"}],"wp:term":[{"taxonomy":"category","embeddable":true,"href":"https:\/\/mmcereais.com.br\/en\/wp-json\/wp\/v2\/categories?post=26989"},{"taxonomy":"post_tag","embeddable":true,"href":"https:\/\/mmcereais.com.br\/en\/wp-json\/wp\/v2\/tags?post=26989"}],"curies":[{"name":"wp","href":"https:\/\/api.w.org\/{rel}","templated":true}]}}