{"id":26981,"date":"2026-04-29T17:12:43","date_gmt":"2026-04-29T21:12:43","guid":{"rendered":"https:\/\/mmcereais.com.br\/2026\/centro-oeste\/inmet-chuvas-amenizam-a-estiagem-em-areas-produtoras-de-milho-do-parana-e-mato-grosso-do-sul\/"},"modified":"2026-04-29T17:12:43","modified_gmt":"2026-04-29T21:12:43","slug":"inmet-chuvas-amenizam-a-estiagem-em-areas-produtoras-de-milho-do-parana-e-mato-grosso-do-sul","status":"publish","type":"post","link":"https:\/\/mmcereais.com.br\/en\/2026\/centro-oeste\/inmet-chuvas-amenizam-a-estiagem-em-areas-produtoras-de-milho-do-parana-e-mato-grosso-do-sul\/","title":{"rendered":"Inmet: Chuvas amenizam a estiagem em \u00e1reas produtoras de milho do Paran\u00e1 e Mato Grosso do Sul"},"content":{"rendered":"<p><\/p>\n<div class=\"materia\">\n<p>As culturas de segunda safra no Brasil encontram-se, em grande parte, em fases cr\u00edticas de desenvolvimento, nas quais a ocorr\u00eancia de estresses pode comprometer significativamente o potencial produtivo. Esse cen\u00e1rio \u00e9 observado na cultura do milho nos estados do Paran\u00e1 e Mato Grosso do Sul, onde, ao longo da safra, foram registradas temperaturas elevadas associadas \u00e0 redu\u00e7\u00e3o das precipita\u00e7\u00f5es em diversas \u00e1reas. Nos \u00faltimos dias, a ocorr\u00eancia de chuvas, especialmente no Paran\u00e1 e no sul do Mato Grosso do Sul, contribuiu para a melhoria das condi\u00e7\u00f5es de umidade do solo, favorecendo a recupera\u00e7\u00e3o parcial das lavouras. No entanto, devido aos estresses enfrentados em per\u00edodos anteriores, as perdas de produtividade ainda persistem.<\/p>\n<p>No Paran\u00e1, as lavouras de milho de segunda safra t\u00eam enfrentado um quadro de restri\u00e7\u00e3o h\u00eddrica prolongada, especialmente na regi\u00e3o Sudoeste. No munic\u00edpio de Francisco Beltr\u00e3o, as estimativas do Sistema de Suporte \u00e0 Decis\u00e3o na Agropecu\u00e1ria (SISDAGRO) indicam a ocorr\u00eancia de d\u00e9ficit h\u00eddrico persistente desde o final de fevereiro e come\u00e7o de mar\u00e7o. A irregularidade e os baixos volumes das chuvas ao longo do ciclo t\u00eam sido insuficientes para a recomposi\u00e7\u00e3o da umidade do solo, mantendo as lavouras sob estresse h\u00eddrico cont\u00ednuo, especialmente durante os est\u00e1dios de florescimento e enchimento de gr\u00e3os, que apresentam elevada demanda por \u00e1gua. Esse cen\u00e1rio tem resultado em redu\u00e7\u00e3o do potencial produtivo, com registros de perda acumulada de produtividade estimada em 59,9% no munic\u00edpio de Francisco Beltr\u00e3o\/PR (Figura 1).<\/p>\n<div class=\"image-center\">\n<figure class=\"image-captioned\"><img decoding=\"async\" alt=\"fig-1-mat-milho\" src=\"https:\/\/cdn.noticiasagricolas.com.br\/dbimagens\/thumbs\/800x2000\/fig-1-mat-milho-pRJvJ.jpg\"><figcaption>\n<strong>Figura 1:<\/strong>\u00a0Estimativa de perda de produtividade para a cultura do milho no per\u00edodo de 01 de fevereiro a 04 de maio em Francisco Beltr\u00e3o (PR). Fonte: SISDAGRO.<\/figcaption><\/figure>\n<\/div>\n<p>Entre os principais impactos observados destacam\u2011se a redu\u00e7\u00e3o do enchimento de gr\u00e3os, o abortamento de espigas, a antecipa\u00e7\u00e3o da senesc\u00eancia e a heterogeneidade do estande, fatores que comprometem tanto o rendimento quanto a qualidade final da produ\u00e7\u00e3o. A persist\u00eancia do d\u00e9ficit h\u00eddrico tende a ampliar os riscos de perdas adicionais, sobretudo em \u00e1reas de sequeiro e em solos com menor capacidade de reten\u00e7\u00e3o de \u00e1gua, podendo causar impactos na conclus\u00e3o da safra de milho, segunda safra no sudoeste paranaense.<\/p>\n<p>No Mato Grosso do Sul, o cen\u00e1rio \u00e9 semelhante ao observado no oeste do Paran\u00e1, onde, ao longo de mar\u00e7o, predominou baixa ocorr\u00eancia de chuvas, com longos per\u00edodos secos associados a temperaturas elevadas. Essas condi\u00e7\u00f5es resultaram em d\u00e9ficit h\u00eddrico acentuado na cultura do milho, como exemplificado pelo munic\u00edpio de Ponta Por\u00e3\/MS (Figura 2). Em abril, foram registrados alguns eventos de chuva, por\u00e9m de forma irregular, o que contribuiu apenas parcialmente para a reposi\u00e7\u00e3o da umidade do solo. Considerando a elevada demanda h\u00eddrica do milho nesse est\u00e1gio de desenvolvimento, essas precipita\u00e7\u00f5es foram insuficientes para atender \u00e0s necessidades da cultura, mantendo o d\u00e9ficit h\u00eddrico e limitando o crescimento e o potencial produtivo.<\/p>\n<div id=\"uolpd-video-inarticle\"><\/div>\n<div class=\"image-center\">\n<figure class=\"image-captioned\"><img decoding=\"async\" alt=\"fig-2-mat-milho\" src=\"https:\/\/cdn.noticiasagricolas.com.br\/dbimagens\/thumbs\/800x2000\/fig-2-mat-milho-ekhjW.jpg\"><figcaption>\n<strong>Figura 2:<\/strong>\u00a0Estimativa de perda de produtividade para a cultura do milho no per\u00edodo de 20 de fevereiro a 04 de maio de 2026 em Ponta Por\u00e3 (MS). Fonte: SISDAGRO.<\/figcaption><\/figure>\n<\/div>\n<p><strong>Previs\u00e3o de Tempo<\/strong><\/p>\n<p>A previs\u00e3o para os pr\u00f3ximos dias indica irregularidade na distribui\u00e7\u00e3o das chuvas nos estados do Paran\u00e1 e de Mato Grosso do Sul. No Paran\u00e1, os maiores acumulados est\u00e3o previstos para \u00e1reas do sudeste e do leste do estado, com volumes de at\u00e9 40 mm. Entretanto, nas demais \u00e1reas paranaenses, os acumulados previstos devem permanecer abaixo de 20 mm. Em contraste, no Mato Grosso do Sul, a previs\u00e3o indica volumes inferiores a 10 mm ou mesmo a aus\u00eancia de chuva na maior parte do estado at\u00e9 a pr\u00f3xima ter\u00e7a-feira (05\/05).<\/p>\n<p>As temperaturas m\u00e1ximas no Paran\u00e1 devem variar entre 20 C e 30 \u00b0C longo dos pr\u00f3ximos dias. J\u00e1 no Mato Grosso do Sul, s\u00e3o esperadas temperaturas mais elevadas, entre 28\u00b0C e 30\u00b0C, com valores que podem superar os 32\u00b0C em \u00e1reas do extremo norte do estado. Associada ao calor, a umidade relativa do ar tende a permanecer abaixo de 40%, especialmente no noroeste paranaense e em \u00e1reas do leste e sudoeste sul-mato-grossense. Esse cen\u00e1rio de elevada demanda atmosf\u00e9rica favorece a redu\u00e7\u00e3o dos estoques de \u00e1gua no solo ao longo da semana, podendo agravar o d\u00e9ficit h\u00eddrico e elevar o risco de perda em lavouras, sobretudo para as lavouras em \u00e1reas mais suscet\u00edveis.<\/p>\n<p>Esse quadro refor\u00e7a a necessidade de aten\u00e7\u00e3o no planejamento das atividades agr\u00edcolas, recomendando-se o acompanhamento cont\u00ednuo das atualiza\u00e7\u00f5es meteorol\u00f3gicas e o monitoramento das condi\u00e7\u00f5es de umidade do solo, a fim de subsidiar a tomada de decis\u00e3o no manejo das lavouras, reduzir riscos operacionais e otimizar o planejamento das opera\u00e7\u00f5es de campo.<\/p>\n<\/p><\/div>\n<h6><em>THE <strong>MM Cereais<\/strong> works with the best grains on the market in the Central West Region and also keeps you up to date with the latest news and analyses on agribusiness.<br \/>\nDon&#039;t forget to follow our social networks.<\/em><\/h6>\n<p><a href=\"https:\/\/www.noticiasagricolas.com.br\/noticias\/clima\/419919-inmet-chuvas-amenizam-a-estiagem-em-areas-produtoras-de-milho-do-parana-e-mato-grosso-do-sul.html?utm_source=parceiros&#038;utm_medium=rss\" target=\"_blank\" rel=\"noopener\">Access News Source <\/a><\/p>","protected":false},"excerpt":{"rendered":"<p>As culturas de segunda safra no Brasil encontram-se, em grande parte, em fases cr\u00edticas de&hellip;<\/p>","protected":false},"author":1,"featured_media":26982,"comment_status":"","ping_status":"","sticky":false,"template":"","format":"standard","meta":{"footnotes":""},"categories":[90],"tags":[240,239,385,539,594,617,252],"class_list":["post-26981","post","type-post","status-publish","format-standard","has-post-thumbnail","hentry","category-centro-oeste","tag-agricultura","tag-agronegocio","tag-clima","tag-inmet","tag-meteorologia","tag-noticias-agricolas-clima","tag-previsao-do-tempo"],"_links":{"self":[{"href":"https:\/\/mmcereais.com.br\/en\/wp-json\/wp\/v2\/posts\/26981","targetHints":{"allow":["GET"]}}],"collection":[{"href":"https:\/\/mmcereais.com.br\/en\/wp-json\/wp\/v2\/posts"}],"about":[{"href":"https:\/\/mmcereais.com.br\/en\/wp-json\/wp\/v2\/types\/post"}],"author":[{"embeddable":true,"href":"https:\/\/mmcereais.com.br\/en\/wp-json\/wp\/v2\/users\/1"}],"replies":[{"embeddable":true,"href":"https:\/\/mmcereais.com.br\/en\/wp-json\/wp\/v2\/comments?post=26981"}],"version-history":[{"count":0,"href":"https:\/\/mmcereais.com.br\/en\/wp-json\/wp\/v2\/posts\/26981\/revisions"}],"wp:featuredmedia":[{"embeddable":true,"href":"https:\/\/mmcereais.com.br\/en\/wp-json\/wp\/v2\/media\/26982"}],"wp:attachment":[{"href":"https:\/\/mmcereais.com.br\/en\/wp-json\/wp\/v2\/media?parent=26981"}],"wp:term":[{"taxonomy":"category","embeddable":true,"href":"https:\/\/mmcereais.com.br\/en\/wp-json\/wp\/v2\/categories?post=26981"},{"taxonomy":"post_tag","embeddable":true,"href":"https:\/\/mmcereais.com.br\/en\/wp-json\/wp\/v2\/tags?post=26981"}],"curies":[{"name":"wp","href":"https:\/\/api.w.org\/{rel}","templated":true}]}}