{"id":26979,"date":"2026-04-29T08:54:50","date_gmt":"2026-04-29T12:54:50","guid":{"rendered":"https:\/\/mmcereais.com.br\/2026\/centro-oeste\/aviagen-reforca-equipe-de-servicos-tecnicos-para-atendimento-em-minas-gerais-e-goias\/"},"modified":"2026-04-29T08:54:50","modified_gmt":"2026-04-29T12:54:50","slug":"aviagen-reforca-equipe-de-servicos-tecnicos-para-atendimento-em-minas-gerais-e-goias","status":"publish","type":"post","link":"https:\/\/mmcereais.com.br\/en\/2026\/centro-oeste\/aviagen-reforca-equipe-de-servicos-tecnicos-para-atendimento-em-minas-gerais-e-goias\/","title":{"rendered":"Aviagen refor\u00e7a equipe de Servi\u00e7os T\u00e9cnicos para atendimento em Minas Gerais e Goi\u00e1s"},"content":{"rendered":"<p><\/p>\n<div id=\"mvp-content-main\" class=\"left relative\">\n<p>A Aviagen\u00ae anuncia um novo refor\u00e7o para a sua equipe de Servi\u00e7os T\u00e9cnicos no Brasil. O m\u00e9dico-veterin\u00e1rio Rafael Cavalcante chega \u00e0 empresa para atuar diretamente no suporte em Minas Gerais e Goi\u00e1s, em uma transi\u00e7\u00e3o coordenada com os clientes da regi\u00e3o. A movimenta\u00e7\u00e3o integra a estrat\u00e9gia cont\u00ednua da empresa no estreitamento do relacionamento di\u00e1rio com os parceiros comerciais, para apoiar a sanidade e o bem-estar das aves.<\/p>\n<p>De acordo com o gerente Comercial da Aviagen no Brasil, Luiz Mansano, a nova contrata\u00e7\u00e3o reflete o compromisso da marca com a excel\u00eancia do servi\u00e7o prestado. \u201cNossa prioridade \u00e9 oferecer aos clientes tudo o que eles precisam para obter o m\u00e1ximo potencial de nossas aves Ross\u00ae 308 AP. O fortalecimento de nossa equipe regional faz parte de uma abordagem estruturada para o crescimento e reflete nosso investimento cont\u00ednuo em pessoas para ajudar os clientes a alcan\u00e7ar um desempenho s\u00f3lido e sustent\u00e1vel nas granjas, ao mesmo tempo em que promovemos o bem-estar animal\u201d, afirmou.<\/p>\n<h3>Experi\u00eancia de campo e gest\u00e3o<\/h3>\n<p>Cavalcante possui mais de 15 anos de experi\u00eancia em avicultura, com s\u00f3lida trajet\u00f3ria em importantes empresas do agroneg\u00f3cio e cooperativas. Sua experi\u00eancia abrange o manejo de matrizes, opera\u00e7\u00f5es de incubat\u00f3rio e produ\u00e7\u00e3o de frangos de corte, proporcionando-lhe um amplo conhecimento de todo o ciclo produtivo.<\/p>\n<p>Al\u00e9m da gradua\u00e7\u00e3o em Medicina Veterin\u00e1ria, ele possui um MBA em Administra\u00e7\u00e3o em Agroneg\u00f3cios e se dedica \u00e0 melhoria cont\u00ednua, biosseguran\u00e7a e pr\u00e1ticas eficientes de manejo av\u00edcola. \u201cEstou entusiasmado em me juntar \u00e0 Aviagen e contribuir para a equipe\u201d, disse Cavalcante e complementou: \u201cMinha experi\u00eancia em diferentes etapas da produ\u00e7\u00e3o av\u00edcola me permite apoiar os clientes em Minas Gerais e Goi\u00e1s de forma pr\u00e1tica. O objetivo \u00e9 trabalhar lado a lado com os clientes para melhorar os resultados dos lotes, ao mesmo tempo em que apoiamos a seguran\u00e7a alimentar e a produ\u00e7\u00e3o sustent\u00e1vel\u201d.<\/p>\n<h3>Pr\u00f3ximo dos clientes nas principais regi\u00f5es av\u00edcolas<\/h3>\n<p>Minas Gerais e Goi\u00e1s s\u00e3o importantes regi\u00f5es produtoras de aves no Brasil. O fortalecimento da equipe nessas \u00e1reas ajuda a garantir um acompanhamento mais pr\u00f3ximo e orienta\u00e7\u00f5es oportunas aos clientes, al\u00e9m de abordar os desafios di\u00e1rios das granjas.<\/p>\n<p>O gerente de Servi\u00e7os da Aviagen no Brasil, Rodrigo Tedesco, destacou o valor da experi\u00eancia de Cavalcante. \u201cRafael traz um conhecimento s\u00f3lido e abrangente da produ\u00e7\u00e3o av\u00edcola, juntamente com a capacidade de conectar pr\u00e1ticas eficazes de manejo de aves em toda a opera\u00e7\u00e3o. Sua experi\u00eancia ajuda a fortalecer a tomada de decis\u00f5es di\u00e1rias nas granjas e agrega valor para nossos clientes em toda a regi\u00e3o\u201d, afirmou.<\/p>\n<\/div>\n<h6><em>THE <strong>MM Cereais<\/strong> works with the best grains on the market in the Central West Region and also keeps you up to date with the latest news and analyses on agribusiness.<br \/>\nDon&#039;t forget to follow our social networks.<\/em><\/h6>\n<p><a href=\"https:\/\/opresenterural.com.br\/aviagen-reforca-equipe-de-servicos-tecnicos-para-atendimento-em-minas-gerais-e-goias\/\" target=\"_blank\" rel=\"noopener\">Access News Source <\/a><\/p>","protected":false},"excerpt":{"rendered":"<p>A Aviagen\u00ae anuncia um novo refor\u00e7o para a sua equipe de Servi\u00e7os T\u00e9cnicos no Brasil.&hellip;<\/p>","protected":false},"author":1,"featured_media":26980,"comment_status":"","ping_status":"","sticky":false,"template":"","format":"standard","meta":{"footnotes":""},"categories":[90],"tags":[],"class_list":["post-26979","post","type-post","status-publish","format-standard","has-post-thumbnail","hentry","category-centro-oeste"],"_links":{"self":[{"href":"https:\/\/mmcereais.com.br\/en\/wp-json\/wp\/v2\/posts\/26979","targetHints":{"allow":["GET"]}}],"collection":[{"href":"https:\/\/mmcereais.com.br\/en\/wp-json\/wp\/v2\/posts"}],"about":[{"href":"https:\/\/mmcereais.com.br\/en\/wp-json\/wp\/v2\/types\/post"}],"author":[{"embeddable":true,"href":"https:\/\/mmcereais.com.br\/en\/wp-json\/wp\/v2\/users\/1"}],"replies":[{"embeddable":true,"href":"https:\/\/mmcereais.com.br\/en\/wp-json\/wp\/v2\/comments?post=26979"}],"version-history":[{"count":0,"href":"https:\/\/mmcereais.com.br\/en\/wp-json\/wp\/v2\/posts\/26979\/revisions"}],"wp:featuredmedia":[{"embeddable":true,"href":"https:\/\/mmcereais.com.br\/en\/wp-json\/wp\/v2\/media\/26980"}],"wp:attachment":[{"href":"https:\/\/mmcereais.com.br\/en\/wp-json\/wp\/v2\/media?parent=26979"}],"wp:term":[{"taxonomy":"category","embeddable":true,"href":"https:\/\/mmcereais.com.br\/en\/wp-json\/wp\/v2\/categories?post=26979"},{"taxonomy":"post_tag","embeddable":true,"href":"https:\/\/mmcereais.com.br\/en\/wp-json\/wp\/v2\/tags?post=26979"}],"curies":[{"name":"wp","href":"https:\/\/api.w.org\/{rel}","templated":true}]}}