{"id":26977,"date":"2026-04-29T08:47:52","date_gmt":"2026-04-29T12:47:52","guid":{"rendered":"https:\/\/mmcereais.com.br\/2026\/exportacoes\/acordo-mercosul-ue-zera-tarifas-para-mais-de-80-das-exportacoes-brasileiras\/"},"modified":"2026-04-29T08:47:52","modified_gmt":"2026-04-29T12:47:52","slug":"acordo-mercosul-ue-zera-tarifas-para-mais-de-80-das-exportacoes-brasileiras","status":"publish","type":"post","link":"https:\/\/mmcereais.com.br\/en\/2026\/exportacoes\/acordo-mercosul-ue-zera-tarifas-para-mais-de-80-das-exportacoes-brasileiras\/","title":{"rendered":"Acordo Mercosul-UE zera tarifas para mais de 80% das exporta\u00e7\u00f5es brasileiras"},"content":{"rendered":"<p><\/p>\n<div id=\"mvp-content-main\" class=\"left relative\">\n<p>Entra em vigor nesta sexta-feira (1\u00ba) o acordo comercial entre o Mercosul e a Uni\u00e3o Europeia, com impacto direto nas exporta\u00e7\u00f5es brasileiras. Segundo estimativas da Confedera\u00e7\u00e3o Nacional da Ind\u00fastria (CNI), mais de 80% dos produtos vendidos pelo Brasil ao bloco europeu passam a ter tarifa de importa\u00e7\u00e3o zerada nesta fase inicial.<\/p>\n<div id=\"attachment_204839\" style=\"width: 310px\" class=\"wp-caption alignright\"><img fetchpriority=\"high\" data-recalc-dims=\"1\" decoding=\"async\" aria-describedby=\"caption-attachment-204839\" data-attachment-id=\"204839\" data-permalink=\"https:\/\/opresenterural.com.br\/frango-e-ovos-sustentam-desempenho-da-avicultura-e-reforcam-projecoes-de-crescimento-para-2026-aponta-abpa\/thenationalflagofbrazilonalargenumberof-8\/\" data-orig-file=\"https:\/\/i0.wp.com\/opresenterural.com.br\/wp-content\/uploads\/2026\/03\/shutterstock_1563936019.jpg?fit=1400%2C933&amp;ssl=1\" data-orig-size=\"1400,933\" data-comments-opened=\"0\" data-image-meta=\"{&quot;aperture&quot;:&quot;0&quot;,&quot;credit&quot;:&quot;Shutterstock&quot;,&quot;camera&quot;:&quot;&quot;,&quot;caption&quot;:&quot;The national flag of Brazil on a large number of metal containers for storing goods stacked in rows on top of each other. Conception of storage of goods by importers, exporters&quot;,&quot;created_timestamp&quot;:&quot;0&quot;,&quot;copyright&quot;:&quot;Copyright (c) 2019 Everyonephoto Studio\\\/Shutterstock.  No use without permission.&quot;,&quot;focal_length&quot;:&quot;0&quot;,&quot;iso&quot;:&quot;0&quot;,&quot;shutter_speed&quot;:&quot;0&quot;,&quot;title&quot;:&quot;The,National,Flag,Of,Brazil,On,A,Large,Number,Of&quot;,&quot;orientation&quot;:&quot;1&quot;}\" data-image-title=\"The,National,Flag,Of,Brazil,On,A,Large,Number,Of\" data-image-description data-image-caption=\"&lt;p&gt;Foto: Shutterstock&lt;\/p&gt;\" data-medium-file=\"https:\/\/i0.wp.com\/opresenterural.com.br\/wp-content\/uploads\/2026\/03\/shutterstock_1563936019.jpg?fit=300%2C200&amp;ssl=1\" data-large-file=\"https:\/\/i0.wp.com\/opresenterural.com.br\/wp-content\/uploads\/2026\/03\/shutterstock_1563936019.jpg?fit=740%2C493&amp;ssl=1\" class=\"size-medium wp-image-204839\" src=\"https:\/\/i0.wp.com\/opresenterural.com.br\/wp-content\/uploads\/2026\/03\/shutterstock_1563936019.jpg?resize=300%2C200&amp;ssl=1\" alt width=\"300\" height=\"200\" srcset=\"https:\/\/i0.wp.com\/opresenterural.com.br\/wp-content\/uploads\/2026\/03\/shutterstock_1563936019.jpg?resize=300%2C200&amp;ssl=1 300w, https:\/\/i0.wp.com\/opresenterural.com.br\/wp-content\/uploads\/2026\/03\/shutterstock_1563936019.jpg?resize=1024%2C682&amp;ssl=1 1024w, https:\/\/i0.wp.com\/opresenterural.com.br\/wp-content\/uploads\/2026\/03\/shutterstock_1563936019.jpg?resize=768%2C512&amp;ssl=1 768w, https:\/\/i0.wp.com\/opresenterural.com.br\/wp-content\/uploads\/2026\/03\/shutterstock_1563936019.jpg?resize=600%2C400&amp;ssl=1 600w, https:\/\/i0.wp.com\/opresenterural.com.br\/wp-content\/uploads\/2026\/03\/shutterstock_1563936019.jpg?w=1400&amp;ssl=1 1400w\" sizes=\"(max-width: 300px) 100vw, 300px\"><\/p>\n<p id=\"caption-attachment-204839\" class=\"wp-caption-text\">Photo: Shutterstock<\/p>\n<\/div>\n<p>Sem tarifas da Uni\u00e3o Europeia, as empresas brasileiras poder\u00e3o vender a maior parte de seus produtos para a Europa sem pagar impostos de entrada, o que reduz custos e aumenta a competitividade frente a concorrentes de outros pa\u00edses.<\/p>\n<p>O acordo cria uma das maiores \u00e1reas de livre com\u00e9rcio do mundo, conectando um mercado de mais de 700 milh\u00f5es de consumidores. Segundo a CNI, mais de cinco mil produtos brasileiros ter\u00e3o tarifa zero imediatamente, incluindo itens industriais e agr\u00edcolas.<\/p>\n<p><strong>O que muda para as exporta\u00e7\u00f5es brasileiras<\/strong><br \/>\nHoje, muitos produtos exportados pelo Brasil enfrentam tarifas ao entrar no mercado europeu, o que encarece o pre\u00e7o final e dificulta a concorr\u00eancia. Com o acordo, essas barreiras come\u00e7am a ser eliminadas.<\/p>\n<p>Dos 2.932 produtos que ter\u00e3o tarifas zeradas j\u00e1 no in\u00edcio:<\/p>\n<p>\u2022 Cerca de 93% (2.714) s\u00e3o bens industriais<\/p>\n<div id=\"attachment_204048\" style=\"width: 310px\" class=\"wp-caption alignleft\"><img data-recalc-dims=\"1\" decoding=\"async\" aria-describedby=\"caption-attachment-204048\" data-attachment-id=\"204048\" data-permalink=\"https:\/\/opresenterural.com.br\/balanca-comercial-tem-superavit-de-us-21-bilhoes-na-3a-semana-de-fevereiro\/freightshippingcontainerwithflagofbraziloncranehook-9\/\" data-orig-file=\"https:\/\/i0.wp.com\/opresenterural.com.br\/wp-content\/uploads\/2026\/02\/shutterstock_2424865573.jpg?fit=1400%2C700&amp;ssl=1\" data-orig-size=\"1400,700\" data-comments-opened=\"0\" data-image-meta=\"{&quot;aperture&quot;:&quot;0&quot;,&quot;credit&quot;:&quot;Shutterstock&quot;,&quot;camera&quot;:&quot;&quot;,&quot;caption&quot;:&quot;Freight shipping container with flag of Brazil on crane hook - 3D illustration&quot;,&quot;created_timestamp&quot;:&quot;0&quot;,&quot;copyright&quot;:&quot;Copyright (c) 2024 PX Media\\\/Shutterstock.  No use without permission.&quot;,&quot;focal_length&quot;:&quot;0&quot;,&quot;iso&quot;:&quot;0&quot;,&quot;shutter_speed&quot;:&quot;0&quot;,&quot;title&quot;:&quot;Freight,Shipping,Container,With,Flag,Of,Brazil,On,Crane,Hook&quot;,&quot;orientation&quot;:&quot;1&quot;}\" data-image-title=\"exporta\u00e7\u00e3o, portos, cont\u00eainer, Brasil\" data-image-description data-image-caption=\"&lt;p&gt;Foto: Shutterstock&lt;\/p&gt;\" data-medium-file=\"https:\/\/i0.wp.com\/opresenterural.com.br\/wp-content\/uploads\/2026\/02\/shutterstock_2424865573.jpg?fit=300%2C150&amp;ssl=1\" data-large-file=\"https:\/\/i0.wp.com\/opresenterural.com.br\/wp-content\/uploads\/2026\/02\/shutterstock_2424865573.jpg?fit=740%2C370&amp;ssl=1\" class=\"size-medium wp-image-204048\" src=\"https:\/\/i0.wp.com\/opresenterural.com.br\/wp-content\/uploads\/2026\/02\/shutterstock_2424865573.jpg?resize=300%2C150&amp;ssl=1\" alt width=\"300\" height=\"150\" srcset=\"https:\/\/i0.wp.com\/opresenterural.com.br\/wp-content\/uploads\/2026\/02\/shutterstock_2424865573.jpg?resize=300%2C150&amp;ssl=1 300w, https:\/\/i0.wp.com\/opresenterural.com.br\/wp-content\/uploads\/2026\/02\/shutterstock_2424865573.jpg?resize=1024%2C512&amp;ssl=1 1024w, https:\/\/i0.wp.com\/opresenterural.com.br\/wp-content\/uploads\/2026\/02\/shutterstock_2424865573.jpg?resize=768%2C384&amp;ssl=1 768w, https:\/\/i0.wp.com\/opresenterural.com.br\/wp-content\/uploads\/2026\/02\/shutterstock_2424865573.jpg?resize=600%2C300&amp;ssl=1 600w, https:\/\/i0.wp.com\/opresenterural.com.br\/wp-content\/uploads\/2026\/02\/shutterstock_2424865573.jpg?w=1400&amp;ssl=1 1400w\" sizes=\"(max-width: 300px) 100vw, 300px\"><\/p>\n<p id=\"caption-attachment-204048\" class=\"wp-caption-text\">Photo: Shutterstock<\/p>\n<\/div>\n<p>\u2022 Os demais incluem itens do setor aliment\u00edcio e mat\u00e9rias-primas<\/p>\n<p>Isso tende a favorecer principalmente a ind\u00fastria brasileira, que ganha acesso mais competitivo a um dos mercados mais exigentes e relevantes do mundo.<\/p>\n<p><strong>Setores mais beneficiados<\/strong><br \/>\nEntre os setores que mais devem sentir o impacto positivo est\u00e3o:<\/p>\n<p>\u2022 M\u00e1quinas e equipamentos (21,8% dos 2.932 produtos com redu\u00e7\u00e3o imediata);<\/p>\n<p>\u2022 Alimentos (12,5%);<\/p>\n<p>\u2022 Metalurgia (9,1%);<\/p>\n<p>\u2022 M\u00e1quinas, aparelhos e materiais el\u00e9tricos (8,9%);<\/p>\n<p>\u2022 Produtos qu\u00edmicos (8,1%).<\/p>\n<p>No caso do setor de m\u00e1quinas e equipamentos, quase 96% das exporta\u00e7\u00f5es brasileiras para a Europa passam a entrar sem tarifa. Isso<\/p>\n<div id=\"attachment_198373\" style=\"width: 310px\" class=\"wp-caption alignright\"><img loading=\"lazy\" data-recalc-dims=\"1\" decoding=\"async\" aria-describedby=\"caption-attachment-198373\" data-attachment-id=\"198373\" data-permalink=\"https:\/\/opresenterural.com.br\/ricardo-amorim-preve-reviravolta-e-oportunidades-historicas-para-o-agro-brasileiro\/shutterstock_1309600945-2\/\" data-orig-file=\"https:\/\/i0.wp.com\/opresenterural.com.br\/wp-content\/uploads\/2025\/11\/shutterstock_1309600945.jpg?fit=1400%2C933&amp;ssl=1\" data-orig-size=\"1400,933\" data-comments-opened=\"0\" data-image-meta=\"{&quot;aperture&quot;:&quot;0&quot;,&quot;credit&quot;:&quot;&quot;,&quot;camera&quot;:&quot;&quot;,&quot;caption&quot;:&quot;&quot;,&quot;created_timestamp&quot;:&quot;0&quot;,&quot;copyright&quot;:&quot;&quot;,&quot;focal_length&quot;:&quot;0&quot;,&quot;iso&quot;:&quot;0&quot;,&quot;shutter_speed&quot;:&quot;0&quot;,&quot;title&quot;:&quot;&quot;,&quot;orientation&quot;:&quot;1&quot;}\" data-image-title=\"shutterstock_1309600945\" data-image-description data-image-caption =\"&lt;p&gt;Foto: Shutterstock&lt;\/p&gt;\" data-medium-file=\"https:\/\/i0.wp.com\/opresenterural.com.br\/wp-content\/uploads\/2025\/11\/shutterstock_1309600945.jpg?fit=300%2C200&amp;ssl=1\" data-large-file=\"https:\/\/i0.wp.com\/opresenterural.com.br\/wp-content\/uploads\/2025\/11\/shutterstock_1309600945.jpg?fit=740%2C493&amp;ssl=1\" class=\"size-medium wp-image-198373\" src=\"https:\/\/i0.wp.com\/opresenterural.com.br\/wp-content\/uploads\/2025\/11\/shutterstock_1309600945.jpg?resize=300%2C200&amp;ssl=1\" alt width =\"300\" height=\"200\" srcset=\"https:\/\/i0.wp.com\/opresenterural.com.br\/wp-content\/uploads\/2025\/11\/shutterstock_1309600945.jpg?resize=300%2C200&amp;ssl=1 300w, https:\/\/i0.wp.com\/opresenterural.com.br\/wp-content\/uploads\/2025\/11\/shutterstock_1309600945.jpg?resize=1024%2C682&amp;ssl=1 1024w, https:\/\/i0.wp.com\/opresenterural.com.br\/wp-content\/uploads\/2025\/11\/shutterstock_1309600945.jpg?resize=768%2C512&amp;ssl=1 768w, https:\/\/i0.wp.com\/opresenterural.com.br\/wp-content\/uploads\/2025\/11\/shutterstock_1309600945.jpg?resize=600%2C400&amp;ssl=1 600w, https:\/\/i0.wp.com\/opresenterural.com.br\/wp-content\/uploads\/2025\/11\/shutterstock_1309600945.jpg?w=1400&amp;ssl=1 1400w\" sizes=\"auto, (max-width: 300px) 100vw, 300px\"><\/p>\n<p id=\"caption-attachment-198373\" class=\"wp-caption-text\">Photo: Shutterstock<\/p>\n<\/div>\n<p>inclui produtos como compressores, bombas industriais e pe\u00e7as mec\u00e2nicas.<\/p>\n<p>Na \u00e1rea de alimentos, centenas de itens tamb\u00e9m ter\u00e3o tarifa zero, ampliando o espa\u00e7o para produtos brasileiros no mercado europeu.<\/p>\n<p><strong>Por que o acordo \u00e9 importante<\/strong><br \/>\nO acordo \u00e9 considerado estrat\u00e9gico porque amplia significativamente o alcance comercial do Brasil. Atualmente, pa\u00edses com os quais o Brasil tem acordos comerciais representam cerca de 9% das importa\u00e7\u00f5es globais. Com a entrada da Uni\u00e3o Europeia, esse n\u00famero pode saltar para mais de 37%.<\/p>\n<p>Al\u00e9m disso, o tratado traz mais previsibilidade para as empresas, com regras claras sobre com\u00e9rcio, compras governamentais e padr\u00f5es t\u00e9cnicos.<\/p>\n<div id=\"attachment_204234\" style=\"width: 310px\" class=\"wp-caption alignleft\"><img loading=\"lazy\" data-recalc-dims=\"1\" decoding=\"async\" aria-describedby=\"caption-attachment-204234\" data-attachment-id=\"204234\" data-permalink=\"https:\/\/opresenterural.com.br\/o-que-preve-o-acordo-mercosul-uniao-europeia\/bandeira-mercosul-com-ue-foto-marcos-oliveira-agencia-senado-e-gpoint-studio-freepik_1\/\" data-orig-file=\"https:\/\/i0.wp.com\/opresenterural.com.br\/wp-content\/uploads\/2026\/02\/Bandeira-Mercosul-com-UE-Foto-Marcos-Oliveira-Agencia-Senado-e-Gpoint-Studio-Freepik_1.jpg?fit=860%2C570&amp;ssl=1\" data-orig-size=\"860,570\" data-comments-opened=\"0\" data-image-meta=\"{&quot;aperture&quot;:&quot;0&quot;,&quot;credit&quot;:&quot;&quot;,&quot;camera&quot;:&quot;&quot;,&quot;caption&quot;:&quot;&quot;,&quot;created_timestamp&quot;:&quot;0&quot;,&quot;copyright&quot;:&quot;&quot;,&quot;focal_length&quot;:&quot;0&quot;,&quot;iso&quot;:&quot;0&quot;,&quot;shutter_speed&quot;:&quot;0&quot;,&quot;title&quot;:&quot;&quot;,&quot;orientation&quot;:&quot;1&quot;}\" data-image-title=\"Bandeira-Mercosul-com-UE-Foto-Marcos-Oliveira-Ag\u00eancia-Senado-e-Gpoint-Studio-Freepik_1\" data-image-description data-image-caption =\"&lt;p&gt;Foto: Marcos Oliveira\/Ag\u00eancia Senado e Gpoint Studio\/Freepik&lt;\/p&gt;\" data-medium-file=\"https:\/\/i0.wp.com\/opresenterural.com.br\/wp-content\/uploads\/2026\/02\/Bandeira-Mercosul-com-UE-Foto-Marcos-Oliveira-Agencia-Senado-e-Gpoint-Studio-Freepik_1.jpg?fit=300%2C199&amp;ssl=1\" data-large-file=\"https:\/\/i0.wp.com\/opresenterural.com.br\/wp-content\/uploads\/2026\/02\/Bandeira-Mercosul-com-UE-Foto-Marcos-Oliveira-Agencia-Senado-e-Gpoint-Studio-Freepik_1.jpg?fit=740%2C490&amp;ssl=1\" class=\"size-medium wp-image-204234\" src=\"https:\/\/i0.wp.com\/opresenterural.com.br\/wp-content\/uploads\/2026\/02\/Bandeira-Mercosul-com-UE-Foto-Marcos-Oliveira-Agencia-Senado-e-Gpoint-Studio-Freepik_1.jpg?resize=300%2C199&amp;ssl=1\" alt width =\"300\" height=\"199\" srcset=\"https:\/\/i0.wp.com\/opresenterural.com.br\/wp-content\/uploads\/2026\/02\/Bandeira-Mercosul-com-UE-Foto-Marcos-Oliveira-Agencia-Senado-e-Gpoint-Studio-Freepik_1.jpg?resize=300%2C199&amp;ssl=1 300w, https:\/\/i0.wp.com\/opresenterural.com.br\/wp-content\/uploads\/2026\/02\/Bandeira-Mercosul-com-UE-Foto-Marcos-Oliveira-Agencia-Senado-e-Gpoint-Studio-Freepik_1.jpg?resize=768%2C509&amp;ssl=1 768w, https:\/\/i0.wp.com\/opresenterural.com.br\/wp-content\/uploads\/2026\/02\/Bandeira-Mercosul-com-UE-Foto-Marcos-Oliveira-Agencia-Senado-e-Gpoint-Studio-Freepik_1.jpg?resize=600%2C398&amp;ssl=1 600w, https:\/\/i0.wp.com\/opresenterural.com.br\/wp-content\/uploads\/2026\/02\/Bandeira-Mercosul-com-UE-Foto-Marcos-Oliveira-Agencia-Senado-e-Gpoint-Studio-Freepik_1.jpg?w=860&amp;ssl=1 860w\" sizes=\"auto, (max-width: 300px) 100vw, 300px\"><\/p>\n<p id=\"caption-attachment-204234\" class=\"wp-caption-text\">Foto: Marcos Oliveira\/Ag\u00eancia Senado e Gpoint Studio\/Freepik<\/p>\n<\/div>\n<p><strong>Implementa\u00e7\u00e3o gradual<\/strong><br \/>\nApesar do impacto imediato, nem todos os produtos ter\u00e3o tarifas zeradas de uma vez. Para itens considerados mais sens\u00edveis, a redu\u00e7\u00e3o ser\u00e1 feita de forma gradual:<\/p>\n<p>\u2022 Em at\u00e9 10 anos na Uni\u00e3o Europeia<\/p>\n<p>\u2022 Em at\u00e9 15 anos no Mercosul<\/p>\n<p>\u2022 Em alguns casos espec\u00edficos, como novas tecnologias, o prazo pode chegar a 30 anos<\/p>\n<p><strong>Pr\u00f3ximas etapas<\/strong><br \/>\nA entrada em vigor marca apenas o in\u00edcio da implementa\u00e7\u00e3o. O governo brasileiro ainda deve regulamentar detalhes como a distribui\u00e7\u00e3o de cotas de exporta\u00e7\u00e3o entre os pa\u00edses do Mercosul.<\/p>\n<p>Al\u00e9m disso, entidades empresariais dos dois blocos devem criar um comit\u00ea para acompanhar a aplica\u00e7\u00e3o do acordo e ajudar empresas a aproveitar as novas oportunidades.<\/p>\n<\/div>\n<h6><em>THE <strong>MM Cereais<\/strong> works with the best grains on the market and also keeps you up to date with the latest news and analyses on agribusiness.<br \/>\nDon&#039;t forget to follow our social networks.<\/em><\/h6>\n<p><a href=\"https:\/\/opresenterural.com.br\/acordo-mercosul-ue-zera-tarifas-para-mais-de-80-das-exportacoes-brasileiras\/\" target=\"_blank\" rel=\"noopener\">Access News Source <\/a><\/p>","protected":false},"excerpt":{"rendered":"<p>Entra em vigor nesta sexta-feira (1\u00ba) o acordo comercial entre o Mercosul e a Uni\u00e3o&hellip;<\/p>","protected":false},"author":1,"featured_media":26978,"comment_status":"","ping_status":"","sticky":false,"template":"","format":"standard","meta":{"footnotes":""},"categories":[7],"tags":[],"class_list":["post-26977","post","type-post","status-publish","format-standard","has-post-thumbnail","hentry","category-exportacoes"],"_links":{"self":[{"href":"https:\/\/mmcereais.com.br\/en\/wp-json\/wp\/v2\/posts\/26977","targetHints":{"allow":["GET"]}}],"collection":[{"href":"https:\/\/mmcereais.com.br\/en\/wp-json\/wp\/v2\/posts"}],"about":[{"href":"https:\/\/mmcereais.com.br\/en\/wp-json\/wp\/v2\/types\/post"}],"author":[{"embeddable":true,"href":"https:\/\/mmcereais.com.br\/en\/wp-json\/wp\/v2\/users\/1"}],"replies":[{"embeddable":true,"href":"https:\/\/mmcereais.com.br\/en\/wp-json\/wp\/v2\/comments?post=26977"}],"version-history":[{"count":0,"href":"https:\/\/mmcereais.com.br\/en\/wp-json\/wp\/v2\/posts\/26977\/revisions"}],"wp:featuredmedia":[{"embeddable":true,"href":"https:\/\/mmcereais.com.br\/en\/wp-json\/wp\/v2\/media\/26978"}],"wp:attachment":[{"href":"https:\/\/mmcereais.com.br\/en\/wp-json\/wp\/v2\/media?parent=26977"}],"wp:term":[{"taxonomy":"category","embeddable":true,"href":"https:\/\/mmcereais.com.br\/en\/wp-json\/wp\/v2\/categories?post=26977"},{"taxonomy":"post_tag","embeddable":true,"href":"https:\/\/mmcereais.com.br\/en\/wp-json\/wp\/v2\/tags?post=26977"}],"curies":[{"name":"wp","href":"https:\/\/api.w.org\/{rel}","templated":true}]}}