{"id":26975,"date":"2026-04-28T16:49:11","date_gmt":"2026-04-28T20:49:11","guid":{"rendered":"https:\/\/mmcereais.com.br\/2026\/centro-oeste\/bezerro-atinge-maior-valor-da-serie-mas-reposicao-exige-cautela-no-campo-de-mt\/"},"modified":"2026-04-28T16:49:11","modified_gmt":"2026-04-28T20:49:11","slug":"bezerro-atinge-maior-valor-da-serie-mas-reposicao-exige-cautela-no-campo-de-mt","status":"publish","type":"post","link":"https:\/\/mmcereais.com.br\/en\/2026\/centro-oeste\/bezerro-atinge-maior-valor-da-serie-mas-reposicao-exige-cautela-no-campo-de-mt\/","title":{"rendered":"Bezerro atinge maior valor da s\u00e9rie, mas reposi\u00e7\u00e3o exige cautela no campo de MT"},"content":{"rendered":"<p><\/p>\n<div class=\"materia\">\n<p>O bom momento das exporta\u00e7\u00f5es brasileiras de carne bovina tem ajudado a manter o mercado aquecido, mas dentro da porteira o pecuarista de Mato Grosso j\u00e1 sente um desafio crescente com o custo da reposi\u00e7\u00e3o.<\/p>\n<p>Na \u00faltima semana, o pre\u00e7o m\u00e9dio do bezerro de 7 arrobas chegou a R$ 16,86 por quilo, alta de 2,84% em rela\u00e7\u00e3o \u00e0 semana anterior. Segundo o Instituto Mato-grossense de Economia Agropecu\u00e1ria (Imea), o valor representa o maior patamar nominal da s\u00e9rie hist\u00f3rica, reflexo da menor oferta de animais e da reten\u00e7\u00e3o de f\u00eameas nas propriedades.<\/p>\n<p>Enquanto isso, o boi gordo a prazo foi cotado a R$ 356,81 por arroba, com leve queda de 0,51% no comparativo semanal. O movimento indica um mercado mais ajustado entre oferta e demanda, mas n\u00e3o elimina a press\u00e3o sobre as margens, principalmente para quem atua na recria, engorda e confinamento.<\/p>\n<p>De acordo com a an\u00e1lise do Imea, o bezerro segue acumulando valoriza\u00e7\u00e3o superior \u00e0 do boi gordo nos \u00faltimos 12 meses. Na m\u00e9dia at\u00e9 a terceira semana de abril, o indicador do bezerro alcan\u00e7ou R$ 16,10 por quilo, avan\u00e7o de 22,24% frente ao mesmo per\u00edodo do ano passado. J\u00e1 o boi gordo a prazo registrou alta anual de 10,70%, cotado a R$ 355,87 por arroba no mesmo intervalo.<\/p>\n<div id=\"uolpd-video-inarticle\"><\/div>\n<p>Esse descompasso mant\u00e9m a reposi\u00e7\u00e3o em patamares elevados e refor\u00e7a a necessidade de aten\u00e7\u00e3o \u00e0s margens da atividade.<\/p>\n<p>No mercado externo, o cen\u00e1rio segue favor\u00e1vel. Dados da Secretaria de Com\u00e9rcio Exterior (Secex) apontam que, at\u00e9 a quarta semana de abril, o Brasil j\u00e1 havia embarcado 216,27 mil toneladas de carne bovina, com receita de US$ 1,34 bilh\u00e3o. A m\u00e9dia di\u00e1ria exportada chegou a 13,52 mil toneladas, crescimento de 11,95% em rela\u00e7\u00e3o a abril de 2025.<\/p>\n<p>Se o ritmo for mantido at\u00e9 o fim do m\u00eas, o volume exportado pode alcan\u00e7ar 283,85 mil toneladas, o que representaria novo recorde para abril. O pre\u00e7o m\u00e9dio da tonelada tamb\u00e9m avan\u00e7ou, chegando a US$ 6.200,66, alta de 23,24% na compara\u00e7\u00e3o anual.<\/p>\n<p>Para o Imea, o momento combina dois movimentos importantes. De um lado, a demanda internacional firme sustenta os pre\u00e7os da carne bovina; de outro, a oferta mais enxuta de animais de reposi\u00e7\u00e3o aumenta os custos dentro da fazenda.<\/p>\n<p>\u201cO cen\u00e1rio das exporta\u00e7\u00f5es \u00e9 positivo e contribui para dar sustenta\u00e7\u00e3o ao mercado. Por\u00e9m, o aumento do custo de reposi\u00e7\u00e3o exige que o produtor acompanhe as margens de perto e reforce o planejamento da atividade\u201d, destaca o Imea.<\/p>\n<p>A orienta\u00e7\u00e3o do Imea \u00e9 que os pecuaristas avaliem com cautela as decis\u00f5es de compra, venda e confinamento, considerando n\u00e3o apenas os pre\u00e7os atuais, mas tamb\u00e9m os custos de produ\u00e7\u00e3o, a rela\u00e7\u00e3o de troca e a estrat\u00e9gia de cada sistema produtivo.<\/p>\n<\/p><\/div>\n<h6><em>THE <strong>MM Cereais<\/strong> works with the best grains on the market in the Central West Region and also keeps you up to date with the latest news and analyses on agribusiness.<br \/>\nDon&#039;t forget to follow our social networks.<\/em><\/h6>\n<p><a href=\"https:\/\/www.noticiasagricolas.com.br\/noticias\/boi\/419828-bezerro-atinge-maior-valor-da-serie-mas-reposicao-exige-cautela-no-campo-de-mt.html?utm_source=parceiros&#038;utm_medium=rss\" target=\"_blank\" rel=\"noopener\">Access News Source <\/a><\/p>","protected":false},"excerpt":{"rendered":"<p>O bom momento das exporta\u00e7\u00f5es brasileiras de carne bovina tem ajudado a manter o mercado&hellip;<\/p>","protected":false},"author":1,"featured_media":26976,"comment_status":"","ping_status":"","sticky":false,"template":"","format":"standard","meta":{"footnotes":""},"categories":[90],"tags":[240,239,307,328,330,358,361,414,473,634,635,656,660,792],"class_list":["post-26975","post","type-post","status-publish","format-standard","has-post-thumbnail","hentry","category-centro-oeste","tag-agricultura","tag-agronegocio","tag-arroba","tag-boi","tag-boi-china","tag-carcaca-atacado","tag-carne-bovina","tag-cotacao-do-boi","tag-exportacoes-carne-bovina","tag-pecuaria","tag-pecuaria-de-corte","tag-preco-da-arroba","tag-preco-do-boi","tag-valor-da-arroba"],"_links":{"self":[{"href":"https:\/\/mmcereais.com.br\/en\/wp-json\/wp\/v2\/posts\/26975","targetHints":{"allow":["GET"]}}],"collection":[{"href":"https:\/\/mmcereais.com.br\/en\/wp-json\/wp\/v2\/posts"}],"about":[{"href":"https:\/\/mmcereais.com.br\/en\/wp-json\/wp\/v2\/types\/post"}],"author":[{"embeddable":true,"href":"https:\/\/mmcereais.com.br\/en\/wp-json\/wp\/v2\/users\/1"}],"replies":[{"embeddable":true,"href":"https:\/\/mmcereais.com.br\/en\/wp-json\/wp\/v2\/comments?post=26975"}],"version-history":[{"count":0,"href":"https:\/\/mmcereais.com.br\/en\/wp-json\/wp\/v2\/posts\/26975\/revisions"}],"wp:featuredmedia":[{"embeddable":true,"href":"https:\/\/mmcereais.com.br\/en\/wp-json\/wp\/v2\/media\/26976"}],"wp:attachment":[{"href":"https:\/\/mmcereais.com.br\/en\/wp-json\/wp\/v2\/media?parent=26975"}],"wp:term":[{"taxonomy":"category","embeddable":true,"href":"https:\/\/mmcereais.com.br\/en\/wp-json\/wp\/v2\/categories?post=26975"},{"taxonomy":"post_tag","embeddable":true,"href":"https:\/\/mmcereais.com.br\/en\/wp-json\/wp\/v2\/tags?post=26975"}],"curies":[{"name":"wp","href":"https:\/\/api.w.org\/{rel}","templated":true}]}}