{"id":26973,"date":"2026-04-28T09:28:50","date_gmt":"2026-04-28T13:28:50","guid":{"rendered":"https:\/\/mmcereais.com.br\/2026\/milho\/sistema-agroflorestal-dobra-carbono-no-solo-em-area-de-soja-e-milho-no-cerrado\/"},"modified":"2026-04-28T09:28:50","modified_gmt":"2026-04-28T13:28:50","slug":"sistema-agroflorestal-dobra-carbono-no-solo-em-area-de-soja-e-milho-no-cerrado","status":"publish","type":"post","link":"https:\/\/mmcereais.com.br\/en\/2026\/milho\/sistema-agroflorestal-dobra-carbono-no-solo-em-area-de-soja-e-milho-no-cerrado\/","title":{"rendered":"Sistema agroflorestal dobra carbono no solo em \u00e1rea de soja e milho no Cerrado"},"content":{"rendered":"<p><\/p>\n<div id=\"mvp-content-main\" class=\"left relative\">\n<p>Experimento realizado pela\u00a0Embrapa Arroz e Feij\u00e3o\u00a0(GO), durante seis anos, em Santo Ant\u00f4nio de Goi\u00e1s (GO), mostrou que o Sistema Agroflorestal (SAF) dobrou o carbono estocado no solo em compara\u00e7\u00e3o ao cultivo convencional de soja e milho, com ac\u00famulo de 2,24 toneladas por hectare ao ano. No mesmo per\u00edodo, o feijoeiro cultivado nas entrelinhas das \u00e1rvores produziu mais de 1.000 quilos por hectare.<\/p>\n<p>Na \u00e1rea avaliada, o carbono org\u00e2nico do solo passou de cerca de 14 para mais de 27 toneladas por hectare, na camada de 0 a 20 cent\u00edmetros, ap\u00f3s a substitui\u00e7\u00e3o do sistema de rota\u00e7\u00e3o anual de milho e soja pelo SAF. O resultado est\u00e1 associado \u00e0 maior produ\u00e7\u00e3o de biomassa e ao aporte cont\u00ednuo de mat\u00e9ria org\u00e2nica ao solo, proporcionados pelas esp\u00e9cies arb\u00f3reas e pelo uso de adubos verdes no sistema.<\/p>\n<p><img fetchpriority=\"high\" data-recalc-dims=\"1\" decoding=\"async\" data-attachment-id=\"208568\" data-permalink=\"https:\/\/opresenterural.com.br\/sistema-agroflorestal-dobra-carbono-no-solo-em-area-de-soja-e-milho-no-cerrado\/260428_safcarbonosolo-agostinho-didonet_crotalaria\/\" data-orig-file=\"https:\/\/i0.wp.com\/opresenterural.com.br\/wp-content\/uploads\/2026\/04\/260428_SAFCarbonoSolo-Agostinho-Didonet_crotalaria.jpg?fit=604%2C900&amp;ssl=1\" data-orig-size=\"604,900\" data-comments-opened=\"0\" data-image-meta=\"{&quot;aperture&quot;:&quot;11&quot;,&quot;credit&quot;:&quot;&quot;,&quot;camera&quot;:&quot;NIKON D80&quot;,&quot;caption&quot;:&quot;&quot;,&quot;created_timestamp&quot;:&quot;1369218152&quot;,&quot;copyright&quot;:&quot;&quot;,&quot;focal_length&quot;:&quot;34&quot;,&quot;iso&quot;:&quot;125&quot;,&quot;shutter_speed&quot;:&quot;0.008&quot;,&quot;title&quot;:&quot;&quot;,&quot;orientation&quot;:&quot;1&quot;}\" data-image-title=\"260428_SAFCarbonoSolo Agostinho Didonet_crotal\u00e1ria\" data-image-description data-image-caption data-medium-file=\"https:\/\/i0.wp.com\/opresenterural.com.br\/wp-content\/uploads\/2026\/04\/260428_SAFCarbonoSolo-Agostinho-Didonet_crotalaria.jpg?fit=201%2C300&amp;ssl=1\" data-large-file=\"https:\/\/i0.wp.com\/opresenterural.com.br\/wp-content\/uploads\/2026\/04\/260428_SAFCarbonoSolo-Agostinho-Didonet_crotalaria.jpg?fit=604%2C900&amp;ssl=1\" class=\"size-medium wp-image-208568 alignright\" src=\"https:\/\/i0.wp.com\/opresenterural.com.br\/wp-content\/uploads\/2026\/04\/260428_SAFCarbonoSolo-Agostinho-Didonet_crotalaria.jpg?resize=201%2C300&amp;ssl=1\" alt width=\"201\" height=\"300\" srcset=\"https:\/\/i0.wp.com\/opresenterural.com.br\/wp-content\/uploads\/2026\/04\/260428_SAFCarbonoSolo-Agostinho-Didonet_crotalaria.jpg?resize=201%2C300&amp;ssl=1 201w, https:\/\/i0.wp.com\/opresenterural.com.br\/wp-content\/uploads\/2026\/04\/260428_SAFCarbonoSolo-Agostinho-Didonet_crotalaria.jpg?resize=300%2C447&amp;ssl=1 300w, https:\/\/i0.wp.com\/opresenterural.com.br\/wp-content\/uploads\/2026\/04\/260428_SAFCarbonoSolo-Agostinho-Didonet_crotalaria.jpg?resize=600%2C894&amp;ssl=1 600w, https:\/\/i0.wp.com\/opresenterural.com.br\/wp-content\/uploads\/2026\/04\/260428_SAFCarbonoSolo-Agostinho-Didonet_crotalaria.jpg?w=604&amp;ssl=1 604w\" sizes=\"(max-width: 201px) 100vw, 201px\">O experimento, desenvolvido na Fazenda Capivara, sede da Unidade, em uma \u00e1rea de 1 hectare, foi conduzido da seguinte forma: ap\u00f3s o plantio de mudas de \u00e1rvores nativas do Cerrado em fileiras, como aroeira, cagaita e baru; adubos verdes, como a crotal\u00e1ria (foto \u00e0 direita), foram semeados no in\u00edcio da safra das \u00e1guas, nas entrelinhas das esp\u00e9cies florestais, ap\u00f3s preparo do solo.<\/p>\n<p>Em seguida, a crotal\u00e1ria foi cortada mecanicamente e o feij\u00e3o cultivado em plantio direto. Na entressafra, um novo plantio de crotal\u00e1ria era realizado, com novo preparo do solo. Esse manejo foi repetido ao longo de seis anos, at\u00e9 que o crescimento das \u00e1rvores passou a impedir o cultivo agr\u00edcola nas entrelinhas.<\/p>\n<p>Desde o in\u00edcio do arranjo produtivo, foram adotados princ\u00edpios agroecol\u00f3gicos. Durante o cultivo, o controle de plantas espont\u00e2neas foi feito manualmente, e adubos org\u00e2nicos, fertilizantes organominerais e biofertilizantes foram utilizados para repor nutrientes no solo.<\/p>\n<p>O pesquisador Agostinho Didonet, idealizador do sistema, destaca os resultados do experimento de longa dura\u00e7\u00e3o: \u201cA produ\u00e7\u00e3o de feij\u00e3o comum em um SAF \u00e9 perfeitamente vi\u00e1vel, contribuindo para a seguran\u00e7a alimentar. Apesar de a crotal\u00e1ria n\u00e3o afetar diretamente a produtividade do gr\u00e3o, o rendimento em torno de 1 tonelada por hectare representa um bom resultado para a safra de ver\u00e3o em sistemas agroecol\u00f3gicos no Cerrado, que dependem apenas da \u00e1gua da chuva\u201d.<\/p>\n<h4><strong>Inspira\u00e7\u00e3o para novos modelos<\/strong><\/h4>\n<p>Segundo o pesquisador, o trabalho tem inspirado a implanta\u00e7\u00e3o de sistemas semelhantes. \u201cEm parceria com a\u00a0Emater Goi\u00e1s\u00a0e a Universidade Federal de Goi\u00e1s (UFG), o modelo do SAF, composto por gr\u00e3os e esp\u00e9cies arb\u00f3reas e frut\u00edferas do Cerrado, j\u00e1 foi replicado e permanece estruturado em propriedades rurais em v\u00e1rios munic\u00edpios do interior do estado de Goi\u00e1s, o que demonstra a efic\u00e1cia do trabalho conjunto\u201d, complementa.<\/p>\n<p><img data-recalc-dims=\"1\" decoding=\"async\" data-attachment-id=\"208569\" data-permalink=\"https:\/\/opresenterural.com.br\/sistema-agroflorestal-dobra-carbono-no-solo-em-area-de-soja-e-milho-no-cerrado\/260428_safcarbonosolo-agostinho-didonet_saf2\/\" data-orig-file=\"https:\/\/i0.wp.com\/opresenterural.com.br\/wp-content\/uploads\/2026\/04\/260428_SAFCarbonoSolo-Agostinho-Didonet_SAF2.jpg?fit=460%2C344&amp;ssl=1\" data-orig-size=\"460,344\" data-comments-opened=\"0\" data-image-meta=\"{&quot;aperture&quot;:&quot;0&quot;,&quot;credit&quot;:&quot;&quot;,&quot;camera&quot;:&quot;&quot;,&quot;caption&quot;:&quot;&quot;,&quot;created_timestamp&quot;:&quot;0&quot;,&quot;copyright&quot;:&quot;&quot;,&quot;focal_length&quot;:&quot;0&quot;,&quot;iso&quot;:&quot;0&quot;,&quot;shutter_speed&quot;:&quot;0&quot;,&quot;title&quot;:&quot;&quot;,&quot;orientation&quot;:&quot;1&quot;}\" data-image-title=\"260428_SAFCarbonoSolo Agostinho Didonet_SAF2\" data-image-description data-image-caption data-medium-file=\"https:\/\/i0.wp.com\/opresenterural.com.br\/wp-content\/uploads\/2026\/04\/260428_SAFCarbonoSolo-Agostinho-Didonet_SAF2.jpg?fit=300%2C224&amp;ssl=1\" data-large-file=\"https:\/\/i0.wp.com\/opresenterural.com.br\/wp-content\/uploads\/2026\/04\/260428_SAFCarbonoSolo-Agostinho-Didonet_SAF2.jpg?fit=460%2C344&amp;ssl=1\" class=\"size-medium wp-image-208569 alignleft\" src=\"https:\/\/i0.wp.com\/opresenterural.com.br\/wp-content\/uploads\/2026\/04\/260428_SAFCarbonoSolo-Agostinho-Didonet_SAF2.jpg?resize=300%2C224&amp;ssl=1\" alt width=\"300\" height=\"224\" srcset=\"https:\/\/i0.wp.com\/opresenterural.com.br\/wp-content\/uploads\/2026\/04\/260428_SAFCarbonoSolo-Agostinho-Didonet_SAF2.jpg?resize=300%2C224&amp;ssl=1 300w, https:\/\/i0.wp.com\/opresenterural.com.br\/wp-content\/uploads\/2026\/04\/260428_SAFCarbonoSolo-Agostinho-Didonet_SAF2.jpg?w=460&amp;ssl=1 460w\" sizes=\"(max-width: 300px) 100vw, 300px\">A pesquisadora da\u00a0Embrapa Pesca e Aquicultura\u00a0(TO) M\u00e1rcia Carvalho, que atua no monitoramento do papel estrat\u00e9gico de sistemas de produ\u00e7\u00e3o para o enfretamento \u00e0 mudan\u00e7a do clima, pontua que o SAF, como o implementado pela Embrapa em Goi\u00e1s, \u00e9 capaz de melhorar a biodiversidade e o microclima do sistema de produ\u00e7\u00e3o diante de aumentos de temperatura e seca no Cerrado. \u201cAl\u00e9m de garantir retorno econ\u00f4mico em curto e longo prazos e capturar carbono da atmosfera por meio das plantas para o solo\u201d, frisa.<\/p>\n<p>Nesse sentido, ela lembra que o SAF, quando manejado sob princ\u00edpios agroecol\u00f3gicos, pode adquirir m\u00faltiplas fun\u00e7\u00f5es e ser utilizado para a recupera\u00e7\u00e3o de nascentes, recomposi\u00e7\u00e3o de mata ciliar, fornecer energia (lenha e carv\u00e3o), madeira, abrigo para animais, aves, insetos e polinizadores. \u201cAl\u00e9m disso, pode melhorar a paisagem e microclima local, e contribuir para a preserva\u00e7\u00e3o da biodiversidade nativa do Cerrado, garantindo seguran\u00e7a alimentar\u201d, conclui.<\/p>\n<\/div>\n<h6><em>THE <strong>MM Cereais<\/strong> works with the best grains on the market and also keeps you up to date with the latest news and analyses on agribusiness.<br \/>\nDon&#039;t forget to follow our social networks.<\/em><\/h6>\n<p><a href=\"https:\/\/opresenterural.com.br\/sistema-agroflorestal-dobra-carbono-no-solo-em-area-de-soja-e-milho-no-cerrado\/\" target=\"_blank\" rel=\"noopener\">Access News Source <\/a><\/p>","protected":false},"excerpt":{"rendered":"<p>Experimento realizado pela\u00a0Embrapa Arroz e Feij\u00e3o\u00a0(GO), durante seis anos, em Santo Ant\u00f4nio de Goi\u00e1s (GO),&hellip;<\/p>","protected":false},"author":1,"featured_media":26974,"comment_status":"","ping_status":"","sticky":false,"template":"","format":"standard","meta":{"footnotes":""},"categories":[223],"tags":[],"class_list":["post-26973","post","type-post","status-publish","format-standard","has-post-thumbnail","hentry","category-milho"],"_links":{"self":[{"href":"https:\/\/mmcereais.com.br\/en\/wp-json\/wp\/v2\/posts\/26973","targetHints":{"allow":["GET"]}}],"collection":[{"href":"https:\/\/mmcereais.com.br\/en\/wp-json\/wp\/v2\/posts"}],"about":[{"href":"https:\/\/mmcereais.com.br\/en\/wp-json\/wp\/v2\/types\/post"}],"author":[{"embeddable":true,"href":"https:\/\/mmcereais.com.br\/en\/wp-json\/wp\/v2\/users\/1"}],"replies":[{"embeddable":true,"href":"https:\/\/mmcereais.com.br\/en\/wp-json\/wp\/v2\/comments?post=26973"}],"version-history":[{"count":0,"href":"https:\/\/mmcereais.com.br\/en\/wp-json\/wp\/v2\/posts\/26973\/revisions"}],"wp:featuredmedia":[{"embeddable":true,"href":"https:\/\/mmcereais.com.br\/en\/wp-json\/wp\/v2\/media\/26974"}],"wp:attachment":[{"href":"https:\/\/mmcereais.com.br\/en\/wp-json\/wp\/v2\/media?parent=26973"}],"wp:term":[{"taxonomy":"category","embeddable":true,"href":"https:\/\/mmcereais.com.br\/en\/wp-json\/wp\/v2\/categories?post=26973"},{"taxonomy":"post_tag","embeddable":true,"href":"https:\/\/mmcereais.com.br\/en\/wp-json\/wp\/v2\/tags?post=26973"}],"curies":[{"name":"wp","href":"https:\/\/api.w.org\/{rel}","templated":true}]}}