{"id":26972,"date":"2026-04-28T08:23:56","date_gmt":"2026-04-28T12:23:56","guid":{"rendered":"https:\/\/mmcereais.com.br\/2026\/exportacoes\/exportacoes-brasileiras-crescem-164-em-abril\/"},"modified":"2026-04-28T08:23:56","modified_gmt":"2026-04-28T12:23:56","slug":"exportacoes-brasileiras-crescem-164-em-abril","status":"publish","type":"post","link":"https:\/\/mmcereais.com.br\/en\/2026\/exportacoes\/exportacoes-brasileiras-crescem-164-em-abril\/","title":{"rendered":"Exporta\u00e7\u00f5es brasileiras crescem 16,4% em abril"},"content":{"rendered":"<p><\/p>\n<div id=\"mvp-content-main\" class=\"left relative\">\n<p>Na 4\u00aa semana de abril de 2026, a balan\u00e7a comercial registrou super\u00e1vit de US$ 1,7 bilh\u00e3o e corrente de com\u00e9rcio de US$ 11,6 bilh\u00f5es, resultado de exporta\u00e7\u00f5es no valor de US$ 6,7 bilh\u00f5es e importa\u00e7\u00f5es de US$ 4,9 bilh\u00f5es.<\/p>\n<p>No m\u00eas, as exporta\u00e7\u00f5es somam US$ 27,8 bilh\u00f5es e as importa\u00e7\u00f5es, US$ 18,7 bilh\u00f5es, com saldo positivo de US$ 9,2 bilh\u00f5es e corrente de com\u00e9rcio de US$ 46,5 bilh\u00f5es.<\/p>\n<div id=\"attachment_205651\" style=\"width: 310px\" class=\"wp-caption alignleft\"><img fetchpriority=\"high\" data-recalc-dims=\"1\" decoding=\"async\" aria-describedby=\"caption-attachment-205651\" data-attachment-id=\"205651\" data-permalink=\"https:\/\/opresenterural.com.br\/porto-de-paranagua-completa-91-anos-como-um-dos-principais-corredores-logisticos-do-brasil\/portos-foto-jonathan-campos-aen\/\" data-orig-file=\"https:\/\/i0.wp.com\/opresenterural.com.br\/wp-content\/uploads\/2026\/03\/portos-foto-Jonathan-Campos-AEN.jpg?fit=1280%2C853&amp;ssl=1\" data-orig-size=\"1280,853\" data-comments-opened=\"0\" data-image-meta=\"{&quot;aperture&quot;:&quot;0&quot;,&quot;credit&quot;:&quot;&quot;,&quot;camera&quot;:&quot;&quot;,&quot;caption&quot;:&quot;&quot;,&quot;created_timestamp&quot;:&quot;0&quot;,&quot;copyright&quot;:&quot;&quot;,&quot;focal_length&quot;:&quot;0&quot;,&quot;iso&quot;:&quot;0&quot;,&quot;shutter_speed&quot;:&quot;0&quot;,&quot;title&quot;:&quot;&quot;,&quot;orientation&quot;:&quot;1&quot;}\" data-image-title=\"portos foto Jonathan Campos AEN\" data-image-description data-image-caption=\"&lt;p&gt;Foto: Jonathan Campos\/AEN&lt;\/p&gt;\" data-medium-file=\"https:\/\/i0.wp.com\/opresenterural.com.br\/wp-content\/uploads\/2026\/03\/portos-foto-Jonathan-Campos-AEN.jpg?fit=300%2C200&amp;ssl=1\" data-large-file=\"https:\/\/i0.wp.com\/opresenterural.com.br\/wp-content\/uploads\/2026\/03\/portos-foto-Jonathan-Campos-AEN.jpg?fit=740%2C493&amp;ssl=1\" class=\"size-medium wp-image-205651\" src=\"https:\/\/i0.wp.com\/opresenterural.com.br\/wp-content\/uploads\/2026\/03\/portos-foto-Jonathan-Campos-AEN.jpg?resize=300%2C200&amp;ssl=1\" alt width=\"300\" height=\"200\" srcset=\"https:\/\/i0.wp.com\/opresenterural.com.br\/wp-content\/uploads\/2026\/03\/portos-foto-Jonathan-Campos-AEN.jpg?resize=300%2C200&amp;ssl=1 300w, https:\/\/i0.wp.com\/opresenterural.com.br\/wp-content\/uploads\/2026\/03\/portos-foto-Jonathan-Campos-AEN.jpg?resize=1024%2C682&amp;ssl=1 1024w, https:\/\/i0.wp.com\/opresenterural.com.br\/wp-content\/uploads\/2026\/03\/portos-foto-Jonathan-Campos-AEN.jpg?resize=768%2C512&amp;ssl=1 768w, https:\/\/i0.wp.com\/opresenterural.com.br\/wp-content\/uploads\/2026\/03\/portos-foto-Jonathan-Campos-AEN.jpg?resize=600%2C400&amp;ssl=1 600w, https:\/\/i0.wp.com\/opresenterural.com.br\/wp-content\/uploads\/2026\/03\/portos-foto-Jonathan-Campos-AEN.jpg?w=1280&amp;ssl=1 1280w\" sizes=\"(max-width: 300px) 100vw, 300px\"><\/p>\n<p id=\"caption-attachment-205651\" class=\"wp-caption-text\">Photo: Jonathan Campos<\/p>\n<\/div>\n<p>No ano, as exporta\u00e7\u00f5es totalizam US$ 110,2 bilh\u00f5es e as importa\u00e7\u00f5es, US$ 86,8 bilh\u00f5es, com saldo positivo de US$ 23,3 bilh\u00f5es e corrente de com\u00e9rcio de US$ 197 bilh\u00f5es. Esses, e outros resultados, foram publicados nesta segunda-feira (27\/4), pela Secretaria de Com\u00e9rcio Exterior do Minist\u00e9rio do Desenvolvimento, Ind\u00fastria, Com\u00e9rcio e Servi\u00e7os (Secex\/MDIC).<\/p>\n<p class=\"callout\"><a class=\"external-link\" href=\"https:\/\/balanca.economia.gov.br\/balanca\/pg_principal_bc\/principais_resultados.html\" target=\"_self\" data-tippreview-enabled=\"false\" title data-tippreview-image data-tippreview-title rel=\"noopener\">Balan\u00e7a Comercial Preliminar Parcial do M\u00eas \u2013 4\u00b0 Semana de Abril\/2026\u00a0<\/a><\/p>\n<div class=\"visualClear\">Nas exporta\u00e7\u00f5es, comparadas as m\u00e9dias at\u00e9 a 4\u00aa semana de abril\/2026 (US$ 1,739 bi) com a de abril\/2025 (US$ 1,494 bi), houve crescimento de 16,4%. Em rela\u00e7\u00e3o \u00e0s importa\u00e7\u00f5es houve crescimento de 5,1% na compara\u00e7\u00e3o entre as m\u00e9dias at\u00e9 a 4\u00aa semana de abril\/2026 (US$ 1,167 bi) com a do m\u00eas de abril\/2025 (US$ 1,111 bi).<\/div>\n<p>Assim, at\u00e9 a 4\u00aa semana de abril\/2026, a m\u00e9dia di\u00e1ria da corrente de com\u00e9rcio totalizou US$ 2.907,12 milh\u00f5es e o saldo, tamb\u00e9m por m\u00e9dia di\u00e1ria, foi de US$ 572,39 milh\u00f5es. Comparando-se este per\u00edodo com a m\u00e9dia de abril\/2025, houve crescimento de 11,6% na corrente de com\u00e9rcio.<\/p>\n<h4>Exporta\u00e7\u00f5es importa\u00e7\u00f5es por setor<\/h4>\n<div id=\"attachment_207027\" style=\"width: 310px\" class=\"wp-caption alignright\"><img data-recalc-dims=\"1\" decoding=\"async\" aria-describedby=\"caption-attachment-207027\" data-attachment-id=\"207027\" data-permalink=\"https:\/\/opresenterural.com.br\/porto-de-paranagua-inicia-segunda-etapa-de-modernizacao-do-pier-de-graneis-liquidos\/default-221\/\" data-orig-file=\"https:\/\/i0.wp.com\/opresenterural.com.br\/wp-content\/uploads\/2026\/04\/Pier-de-Liquidos-Porto-de-Paranagua-Foto-Claudio-Neves-Portos-do-Parana-2.jpg?fit=1400%2C933&amp;ssl=1\" data-orig-size=\"1400,933\" data-comments-opened=\"0\" data-image-meta=\"{&quot;aperture&quot;:&quot;1.7&quot;,&quot;credit&quot;:&quot;&quot;,&quot;camera&quot;:&quot;FC8482&quot;,&quot;caption&quot;:&quot;default&quot;,&quot;created_timestamp&quot;:&quot;1775143205&quot;,&quot;copyright&quot;:&quot;&quot;,&quot;focal_length&quot;:&quot;6.72&quot;,&quot;iso&quot;:&quot;210&quot;,&quot;shutter_speed&quot;:&quot;0.00016666666666667&quot;,&quot;title&quot;:&quot;default&quot;,&quot;orientation&quot;:&quot;0&quot;}\" data-image-title=\"P\u00eder de Gran\u00e9is L\u00edquidos no Porto de Paranagu\u00e1\" data-image-description data-image-caption=\"&lt;p&gt;Foto: Claudio Neves\/Portos do Paran\u00e1&lt;\/p&gt;\" data-medium-file=\"https:\/\/i0.wp.com\/opresenterural.com.br\/wp-content\/uploads\/2026\/04\/Pier-de-Liquidos-Porto-de-Paranagua-Foto-Claudio-Neves-Portos-do-Parana-2.jpg?fit=300%2C200&amp;ssl=1\" data-large-file=\"https:\/\/i0.wp.com\/opresenterural.com.br\/wp-content\/uploads\/2026\/04\/Pier-de-Liquidos-Porto-de-Paranagua-Foto-Claudio-Neves-Portos-do-Parana-2.jpg?fit=740%2C493&amp;ssl=1\" class=\"size-medium wp-image-207027\" src=\"https:\/\/i0.wp.com\/opresenterural.com.br\/wp-content\/uploads\/2026\/04\/Pier-de-Liquidos-Porto-de-Paranagua-Foto-Claudio-Neves-Portos-do-Parana-2.jpg?resize=300%2C200&amp;ssl=1\" alt width=\"300\" height=\"200\" srcset=\"https:\/\/i0.wp.com\/opresenterural.com.br\/wp-content\/uploads\/2026\/04\/Pier-de-Liquidos-Porto-de-Paranagua-Foto-Claudio-Neves-Portos-do-Parana-2.jpg?resize=300%2C200&amp;ssl=1 300w, https:\/\/i0.wp.com\/opresenterural.com.br\/wp-content\/uploads\/2026\/04\/Pier-de-Liquidos-Porto-de-Paranagua-Foto-Claudio-Neves-Portos-do-Parana-2.jpg?resize=1024%2C682&amp;ssl=1 1024w, https:\/\/i0.wp.com\/opresenterural.com.br\/wp-content\/uploads\/2026\/04\/Pier-de-Liquidos-Porto-de-Paranagua-Foto-Claudio-Neves-Portos-do-Parana-2.jpg?resize=768%2C512&amp;ssl=1 768w, https:\/\/i0.wp.com\/opresenterural.com.br\/wp-content\/uploads\/2026\/04\/Pier-de-Liquidos-Porto-de-Paranagua-Foto-Claudio-Neves-Portos-do-Parana-2.jpg?resize=600%2C400&amp;ssl=1 600w, https:\/\/i0.wp.com\/opresenterural.com.br\/wp-content\/uploads\/2026\/04\/Pier-de-Liquidos-Porto-de-Paranagua-Foto-Claudio-Neves-Portos-do-Parana-2.jpg?w=1400&amp;ssl=1 1400w\" sizes=\"(max-width: 300px) 100vw, 300px\"><\/p>\n<p id=\"caption-attachment-207027\" class=\"wp-caption-text\">Photo: Claudio Neves<\/p>\n<\/div>\n<p>No acumulado at\u00e9 a 4\u00aa semana do m\u00eas de abril\/2026, comparando com igual m\u00eas do ano anterior, o desempenho dos\u00a0setores exportadores\u00a0pela m\u00e9dia di\u00e1ria foi o seguinte: crescimento de US$ 76,3 milh\u00f5es (19,2%) em Agropecu\u00e1ria; de US$ 53,65 milh\u00f5es (15,3%) em Ind\u00fastria Extrativa e de US$ 113,89 milh\u00f5es (15,5%) em produtos da Ind\u00fastria de Transforma\u00e7\u00e3o.<\/p>\n<p>No acumulado at\u00e9 a 4\u00aa semana do m\u00eas de abril\/2026, comparando com igual m\u00eas do ano anterior, o desempenho dos\u00a0setores importadores\u00a0pela m\u00e9dia di\u00e1ria foi o seguinte: crescimento de US$ 3,88 milh\u00f5es (7,1%) em Ind\u00fastria Extrativa e de US$ 59,11 milh\u00f5es (5,8%) em produtos da Ind\u00fastria de Transforma\u00e7\u00e3o; houve queda de US$ 7,95 milh\u00f5es (28,1%) em Agropecu\u00e1ria.<\/p>\n<\/div>\n<h6><em>THE <strong>MM Cereais<\/strong> works with the best grains on the market and also keeps you up to date with the latest news and analyses on agribusiness.<br \/>\nDon&#039;t forget to follow our social networks.<\/em><\/h6>\n<p><a href=\"https:\/\/opresenterural.com.br\/exportacoes-brasileiras-crescem-164-em-abril\/\" target=\"_blank\" rel=\"noopener\">Access News Source <\/a><\/p>","protected":false},"excerpt":{"rendered":"<p>Na 4\u00aa semana de abril de 2026, a balan\u00e7a comercial registrou super\u00e1vit de US$ 1,7&hellip;<\/p>","protected":false},"author":1,"featured_media":25738,"comment_status":"","ping_status":"","sticky":false,"template":"","format":"standard","meta":{"footnotes":""},"categories":[7],"tags":[],"class_list":["post-26972","post","type-post","status-publish","format-standard","has-post-thumbnail","hentry","category-exportacoes"],"_links":{"self":[{"href":"https:\/\/mmcereais.com.br\/en\/wp-json\/wp\/v2\/posts\/26972","targetHints":{"allow":["GET"]}}],"collection":[{"href":"https:\/\/mmcereais.com.br\/en\/wp-json\/wp\/v2\/posts"}],"about":[{"href":"https:\/\/mmcereais.com.br\/en\/wp-json\/wp\/v2\/types\/post"}],"author":[{"embeddable":true,"href":"https:\/\/mmcereais.com.br\/en\/wp-json\/wp\/v2\/users\/1"}],"replies":[{"embeddable":true,"href":"https:\/\/mmcereais.com.br\/en\/wp-json\/wp\/v2\/comments?post=26972"}],"version-history":[{"count":0,"href":"https:\/\/mmcereais.com.br\/en\/wp-json\/wp\/v2\/posts\/26972\/revisions"}],"wp:featuredmedia":[{"embeddable":true,"href":"https:\/\/mmcereais.com.br\/en\/wp-json\/wp\/v2\/media\/25738"}],"wp:attachment":[{"href":"https:\/\/mmcereais.com.br\/en\/wp-json\/wp\/v2\/media?parent=26972"}],"wp:term":[{"taxonomy":"category","embeddable":true,"href":"https:\/\/mmcereais.com.br\/en\/wp-json\/wp\/v2\/categories?post=26972"},{"taxonomy":"post_tag","embeddable":true,"href":"https:\/\/mmcereais.com.br\/en\/wp-json\/wp\/v2\/tags?post=26972"}],"curies":[{"name":"wp","href":"https:\/\/api.w.org\/{rel}","templated":true}]}}