{"id":26970,"date":"2026-04-28T07:22:50","date_gmt":"2026-04-28T11:22:50","guid":{"rendered":"https:\/\/mmcereais.com.br\/2026\/exportacoes\/brasil-pode-ampliar-exportacao-de-genetica-bovina-para-a-mauritania\/"},"modified":"2026-04-28T07:22:50","modified_gmt":"2026-04-28T11:22:50","slug":"brasil-pode-ampliar-exportacao-de-genetica-bovina-para-a-mauritania","status":"publish","type":"post","link":"https:\/\/mmcereais.com.br\/en\/2026\/exportacoes\/brasil-pode-ampliar-exportacao-de-genetica-bovina-para-a-mauritania\/","title":{"rendered":"Brasil pode ampliar exporta\u00e7\u00e3o de gen\u00e9tica bovina para a Maurit\u00e2nia"},"content":{"rendered":"<p><\/p>\n<div id=\"mvp-content-main\" class=\"left relative\">\n<p>O ministro da Agricultura e Pecu\u00e1ria, Andr\u00e9 de Paula, recebeu em Bras\u00edlia o ministro da Agricultura da Maurit\u00e2nia, Sid\u2019Ahmed Ould Mohamed, na segunda-feira (27), para uma reuni\u00e3o bilateral voltada ao fortalecimento da coopera\u00e7\u00e3o agropecu\u00e1ria entre os dois pa\u00edses. Durante o encontro, o ministro brasileiro destacou o interesse do Brasil em ampliar essa parceria. \u201cO Brasil coloca toda a sua experi\u00eancia \u00e0 disposi\u00e7\u00e3o para fortalecer essa coopera\u00e7\u00e3o. Institui\u00e7\u00f5es como a Embrapa est\u00e3o inteiramente dispon\u00edveis para apoiar parcerias e contribuir com o desenvolvimento de solu\u00e7\u00f5es adaptadas \u00e0s necessidades da Maurit\u00e2nia\u201d, afirmou Andr\u00e9 de Paula.<\/p>\n<div id=\"attachment_207090\" style=\"width: 310px\" class=\"wp-caption alignright\"><img fetchpriority=\"high\" data-recalc-dims=\"1\" decoding=\"async\" aria-describedby=\"caption-attachment-207090\" data-attachment-id=\"207090\" data-permalink=\"https:\/\/opresenterural.com.br\/andre-de-paula-e-o-novo-ministro-da-agricultura-e-pecuaria\/transmissao-de-cargo-mapa-andre-de-paula-2\/\" data-orig-file=\"https:\/\/i0.wp.com\/opresenterural.com.br\/wp-content\/uploads\/2026\/04\/transmissao-de-cargo-Mapa-Andre-de-Paula-1.jpeg?fit=768%2C668&amp;ssl=1\" data-orig-size=\"768,668\" data-comments-opened=\"0\" data-image-meta=\"{&quot;aperture&quot;:&quot;0&quot;,&quot;credit&quot;:&quot;&quot;,&quot;camera&quot;:&quot;&quot;,&quot;caption&quot;:&quot;&quot;,&quot;created_timestamp&quot;:&quot;0&quot;,&quot;copyright&quot;:&quot;&quot;,&quot;focal_length&quot;:&quot;0&quot;,&quot;iso&quot;:&quot;0&quot;,&quot;shutter_speed&quot;:&quot;0&quot;,&quot;title&quot;:&quot;&quot;,&quot;orientation&quot;:&quot;0&quot;}\" data-image-title=\"transmiss\u00e3o de cargo \u2013 Mapa \u2013 Andr\u00e9 de Paula\" data-image-description data-image-caption=\"&lt;p&gt;Ministro de Agricultura e Pecu\u00e1ria, Andr\u00e9 de Paula \u2013 Foto: Carlos Silva\/Mapa&lt;\/p&gt;\" data-medium-file=\"https:\/\/i0.wp.com\/opresenterural.com.br\/wp-content\/uploads\/2026\/04\/transmissao-de-cargo-Mapa-Andre-de-Paula-1.jpeg?fit=300%2C261&amp;ssl=1\" data-large-file=\"https:\/\/i0.wp.com\/opresenterural.com.br\/wp-content\/uploads\/2026\/04\/transmissao-de-cargo-Mapa-Andre-de-Paula-1.jpeg?fit=740%2C644&amp;ssl=1\" class=\"size-medium wp-image-207090\" src=\"https:\/\/i0.wp.com\/opresenterural.com.br\/wp-content\/uploads\/2026\/04\/transmissao-de-cargo-Mapa-Andre-de-Paula-1.jpeg?resize=300%2C261&amp;ssl=1\" alt width=\"300\" height=\"261\" srcset=\"https:\/\/i0.wp.com\/opresenterural.com.br\/wp-content\/uploads\/2026\/04\/transmissao-de-cargo-Mapa-Andre-de-Paula-1.jpeg?resize=300%2C261&amp;ssl=1 300w, https:\/\/i0.wp.com\/opresenterural.com.br\/wp-content\/uploads\/2026\/04\/transmissao-de-cargo-Mapa-Andre-de-Paula-1.jpeg?resize=600%2C522&amp;ssl=1 600w, https:\/\/i0.wp.com\/opresenterural.com.br\/wp-content\/uploads\/2026\/04\/transmissao-de-cargo-Mapa-Andre-de-Paula-1.jpeg?w=768&amp;ssl=1 768w\" sizes=\"(max-width: 300px) 100vw, 300px\"><\/p>\n<p id=\"caption-attachment-207090\" class=\"wp-caption-text\">Ministro de Agricultura e Pecu\u00e1ria, Andr\u00e9 de Paula: \u201cO Brasil coloca toda a sua experi\u00eancia \u00e0 disposi\u00e7\u00e3o para fortalecer essa coopera\u00e7\u00e3o\u201d \u2013 Foto: Carlos Silva\/Mapa<\/p>\n<\/div>\n<p>Entre os temas discutidos esteve a amplia\u00e7\u00e3o da coopera\u00e7\u00e3o na \u00e1rea de material gen\u00e9tico bovino. Atualmente, o Brasil j\u00e1 exporta para a Maurit\u00e2nia animais vivos e s\u00eamen bovino, e as equipes t\u00e9cnicas trabalham na negocia\u00e7\u00e3o para abertura do mercado de embri\u00f5es bovinos brasileiros.<\/p>\n<p>Durante o encontro, tamb\u00e9m foi tratada a perspectiva de assinatura de um memorando de entendimento para estruturar a coopera\u00e7\u00e3o cient\u00edfica e institucional entre os dois pa\u00edses. A proposta \u00e9 estabelecer um marco de colabora\u00e7\u00e3o que permita o compartilhamento de avan\u00e7os tecnol\u00f3gicos desenvolvidos no Brasil para aplica\u00e7\u00e3o na Maurit\u00e2nia, com posterior defini\u00e7\u00e3o de planos de trabalho espec\u00edficos em \u00e1reas de interesse comum.<\/p>\n<p>A delega\u00e7\u00e3o mauritana cumpre agenda no Brasil e tamb\u00e9m deve visitar a Expozebu, uma das maiores feiras de pecu\u00e1ria do mundo, que neste ano chega \u00e0 sua 91\u00aa edi\u00e7\u00e3o. O evento \u00e9 realizado em Uberaba (MG) e reconhecido internacionalmente pelo avan\u00e7o em melhoramento gen\u00e9tico bovino.<\/p>\n<p>Para o ministro Sid\u2019Ahmed Ould Mohamed, o encontro \u00e9 importante para ampliar a coopera\u00e7\u00e3o entre os pa\u00edses. \u201cO Brasil possui uma reputa\u00e7\u00e3o s\u00f3lida na pecu\u00e1ria bovina e na produ\u00e7\u00e3o de carne. Por isso, temos grande interesse em aprofundar essa coopera\u00e7\u00e3o e ampliar o interc\u00e2mbio t\u00e9cnico entre nossos pa\u00edses\u201d, afirmou.<\/p>\n<p>Segundo ele, a parceria tamb\u00e9m abre novas oportunidades para o fortalecimento das rela\u00e7\u00f5es comerciais entre Brasil e Maurit\u00e2nia no setor agropecu\u00e1rio. \u201cAcreditamos que essa reuni\u00e3o abre novas portas para fortalecer o com\u00e9rcio entre nossos pa\u00edses, especialmente no setor de produtos de origem animal\u201d, disse o ministro mauritano.<\/p>\n<\/div>\n<h6><em>THE <strong>MM Cereais<\/strong> works with the best grains on the market and also keeps you up to date with the latest news and analyses on agribusiness.<br \/>\nDon&#039;t forget to follow our social networks.<\/em><\/h6>\n<p><a href=\"https:\/\/opresenterural.com.br\/brasil-pode-ampliar-exportacao-de-genetica-bovina-para-a-mauritania\/\" target=\"_blank\" rel=\"noopener\">Access News Source <\/a><\/p>","protected":false},"excerpt":{"rendered":"<p>O ministro da Agricultura e Pecu\u00e1ria, Andr\u00e9 de Paula, recebeu em Bras\u00edlia o ministro da&hellip;<\/p>","protected":false},"author":1,"featured_media":26971,"comment_status":"","ping_status":"","sticky":false,"template":"","format":"standard","meta":{"footnotes":""},"categories":[7],"tags":[],"class_list":["post-26970","post","type-post","status-publish","format-standard","has-post-thumbnail","hentry","category-exportacoes"],"_links":{"self":[{"href":"https:\/\/mmcereais.com.br\/en\/wp-json\/wp\/v2\/posts\/26970","targetHints":{"allow":["GET"]}}],"collection":[{"href":"https:\/\/mmcereais.com.br\/en\/wp-json\/wp\/v2\/posts"}],"about":[{"href":"https:\/\/mmcereais.com.br\/en\/wp-json\/wp\/v2\/types\/post"}],"author":[{"embeddable":true,"href":"https:\/\/mmcereais.com.br\/en\/wp-json\/wp\/v2\/users\/1"}],"replies":[{"embeddable":true,"href":"https:\/\/mmcereais.com.br\/en\/wp-json\/wp\/v2\/comments?post=26970"}],"version-history":[{"count":0,"href":"https:\/\/mmcereais.com.br\/en\/wp-json\/wp\/v2\/posts\/26970\/revisions"}],"wp:featuredmedia":[{"embeddable":true,"href":"https:\/\/mmcereais.com.br\/en\/wp-json\/wp\/v2\/media\/26971"}],"wp:attachment":[{"href":"https:\/\/mmcereais.com.br\/en\/wp-json\/wp\/v2\/media?parent=26970"}],"wp:term":[{"taxonomy":"category","embeddable":true,"href":"https:\/\/mmcereais.com.br\/en\/wp-json\/wp\/v2\/categories?post=26970"},{"taxonomy":"post_tag","embeddable":true,"href":"https:\/\/mmcereais.com.br\/en\/wp-json\/wp\/v2\/tags?post=26970"}],"curies":[{"name":"wp","href":"https:\/\/api.w.org\/{rel}","templated":true}]}}